{"id":12420,"date":"2022-07-01T17:14:39","date_gmt":"2022-07-01T17:14:39","guid":{"rendered":"http:\/\/staging.ibermusicas.org\/?p=12420"},"modified":"2022-07-01T17:14:39","modified_gmt":"2022-07-01T17:14:39","slug":"a-cantora-e-compositora-colombiana-daniela-lopez-gomez-compartilha-o-resultado-de-seu-trabalho-que-se-alimenta-das-musicas-tradicionais-de-sua-terra","status":"publish","type":"post","link":"http:\/\/staging.ibermusicas.org\/index.php\/a-cantora-e-compositora-colombiana-daniela-lopez-gomez-compartilha-o-resultado-de-seu-trabalho-que-se-alimenta-das-musicas-tradicionais-de-sua-terra\/","title":{"rendered":"A cantora e compositora colombiana Daniela L\u00f3pez G\u00f3mez compartilha o resultado de seu trabalho que se alimenta das m\u00fasicas tradicionais de sua terra"},"content":{"rendered":"<p dir=\"ltr\">A artista colombiana Daniela L\u00f3pez G\u00f3mez lan\u00e7a a primeira das quatro can\u00e7\u00f5es de sua nova produ\u00e7\u00e3o intitulada Alma e que ser\u00e1 composta por uma s\u00e9rie de can\u00e7\u00f5es inspiradas em ritmos folcl\u00f3ricos latino-americanos impregnados de sons ancestrais. Al\u00e9m disso, cont\u00e9m um tom acad\u00eamico com cores pr\u00f3ximas ao jazz, blues, rock e m\u00fasica cubana. Todos estes elementos foram fundamentais na forma\u00e7\u00e3o de Daniela L\u00f3pez G\u00f3mez como flautista e cantora e em sua procura constante de criar e contribuir para as novas sonoridades da m\u00fasica colombiana e latino-americana.<\/p>\n<p dir=\"ltr\">\n<p dir=\"ltr\">O trabalho de Daniela L\u00f3pez G\u00f3mez busca contribuir com a evolu\u00e7\u00e3o e, portanto, com a salvaguarda dos ares musicais da Col\u00f4mbia e da Am\u00e9rica Latina, considerando que \u00e9 uma urg\u00eancia e \u00e9 o dever de quem se alimentou deles em tantas formas. Criar \u00e9 uma das melhores maneiras de fortalecer nossa cultura musical, de mant\u00ea-la viva e fluindo para que chegue \u00e0 maior quantidade de ouvidos poss\u00edvel, com a firme esperan\u00e7a de que os habitantes de um territ\u00f3rio se identifiquem e se reconhe\u00e7am nela para que por fim tenha o lugar que merece como um dos rostos principais da sua terra.<\/p>\n<p dir=\"ltr\">\n<p dir=\"ltr\">\u00abProcuro converter em can\u00e7\u00e3o uma pintura, uma paisagem, um rio, mas sobretudo cada hist\u00f3ria que escuto, em especial, toda aquela que possua um fundo doloroso e inclusive tr\u00e1gico, como uma maneira mais digna de cont\u00e1-la e record\u00e1-la. Procuro descobrir a alma das coisas, mold\u00e1-la, faz\u00ea-la falar, rir, chorar, cantar e, sobretudo, curar . Desejo expressar-me por meio da bela combina\u00e7\u00e3o de legados de meus ancestrais, que necessitam de mensageiros e de poetas loucos&#8230; loucos pela beleza do mundo sonoro do meu pa\u00eds e do meu continente\u00bb.<\/p>\n<p dir=\"ltr\">\n<p dir=\"ltr\">Daniela nasceu no munic\u00edpio de Sons\u00f3n Antioquia, onde iniciou seus estudos musicais com a flauta traversa como instrumento principal. Graduou-se com honras na Universidade de Antioquia no programa de M\u00fasica Instrumento &#8211; Flauta traversa. Seu caminho no canto solista come\u00e7ou com o folclor Caribe e atualmente \u00e9 cantora do grupo de bullerengue Yimal\u00e1. Daniela foi vencedora do concurso de m\u00fasica in\u00e9dita do coletivo I Love Bullerengue onde teve a oportunidade de gravar sua primeira can\u00e7\u00e3o de forma profissional. Participou tamb\u00e9m do concurso para compositores \u00abCan\u00e7\u00f5es da quarentena\u00bb realizado pela Iberm\u00fasicas em 2020, sendo merecedora de um dos tr\u00eas pr\u00eamios outorgados a cada pa\u00eds iberoamericano. No mesmo ano, foi vencedora de um dos est\u00edmulos do Minist\u00e9rio da Cultura com a bolsa de Circula\u00e7\u00e3o Virtual de solistas, cantores e int\u00e9rpretes de m\u00fasica acad\u00eamica, popular e urbana.<\/p>\n<p dir=\"ltr\">\n<p dir=\"ltr\">Link: <a href=\"https:\/\/onerpm.link\/570033661150\" target=\"_blank\" rel=\"noopener\" data-saferedirecturl=\"https:\/\/www.google.com\/url?q=https:\/\/onerpm.link\/570033661150&amp;source=gmail&amp;ust=1656778397843000&amp;usg=AOvVaw3mYcPpofEZaKe7UsXVHJgt\">https:\/\/onerpm.link\/<wbr \/>570033661150<\/a><\/p>\n","protected":false},"excerpt":{"rendered":"<p>A artista colombiana Daniela L\u00f3pez G\u00f3mez lan\u00e7a a primeira das quatro can\u00e7\u00f5es de sua nova produ\u00e7\u00e3o intitulada Alma e que ser\u00e1 composta por uma s\u00e9rie de can\u00e7\u00f5es inspiradas em ritmos folcl\u00f3ricos latino-americanos impregnados de sons ancestrais. Al\u00e9m disso, cont\u00e9m um tom acad\u00eamico com cores pr\u00f3ximas ao jazz, blues, rock e m\u00fasica cubana. Todos estes elementos [&hellip;]<\/p>\n","protected":false},"author":1,"featured_media":12418,"comment_status":"closed","ping_status":"closed","sticky":false,"template":"","format":"standard","meta":{"footnotes":""},"categories":[218],"tags":[],"class_list":["post-12420","post","type-post","status-publish","format-standard","has-post-thumbnail","hentry","category-noticias-generales-pt"],"lang":"pt","translations":{"pt":12420,"es":12417},"pll_sync_post":[],"post_mailing_queue_ids":[],"_links":{"self":[{"href":"http:\/\/staging.ibermusicas.org\/index.php\/wp-json\/wp\/v2\/posts\/12420","targetHints":{"allow":["GET"]}}],"collection":[{"href":"http:\/\/staging.ibermusicas.org\/index.php\/wp-json\/wp\/v2\/posts"}],"about":[{"href":"http:\/\/staging.ibermusicas.org\/index.php\/wp-json\/wp\/v2\/types\/post"}],"author":[{"embeddable":true,"href":"http:\/\/staging.ibermusicas.org\/index.php\/wp-json\/wp\/v2\/users\/1"}],"replies":[{"embeddable":true,"href":"http:\/\/staging.ibermusicas.org\/index.php\/wp-json\/wp\/v2\/comments?post=12420"}],"version-history":[{"count":1,"href":"http:\/\/staging.ibermusicas.org\/index.php\/wp-json\/wp\/v2\/posts\/12420\/revisions"}],"predecessor-version":[{"id":12421,"href":"http:\/\/staging.ibermusicas.org\/index.php\/wp-json\/wp\/v2\/posts\/12420\/revisions\/12421"}],"wp:featuredmedia":[{"embeddable":true,"href":"http:\/\/staging.ibermusicas.org\/index.php\/wp-json\/wp\/v2\/media\/12418"}],"wp:attachment":[{"href":"http:\/\/staging.ibermusicas.org\/index.php\/wp-json\/wp\/v2\/media?parent=12420"}],"wp:term":[{"taxonomy":"category","embeddable":true,"href":"http:\/\/staging.ibermusicas.org\/index.php\/wp-json\/wp\/v2\/categories?post=12420"},{"taxonomy":"post_tag","embeddable":true,"href":"http:\/\/staging.ibermusicas.org\/index.php\/wp-json\/wp\/v2\/tags?post=12420"}],"curies":[{"name":"wp","href":"https:\/\/api.w.org\/{rel}","templated":true}]}}