{"id":12549,"date":"2022-07-15T19:04:30","date_gmt":"2022-07-15T19:04:30","guid":{"rendered":"http:\/\/staging.ibermusicas.org\/?p=12549"},"modified":"2022-07-29T17:34:11","modified_gmt":"2022-07-29T17:34:11","slug":"o-ensamble-paisaxe-do-panama-estreia-ultimo-sol-obra-do-compositor-costa-riquenho-pablo-chin-ganhadora-do-concurso-ibermusicas-de-composicao-e-estreia-2021","status":"publish","type":"post","link":"http:\/\/staging.ibermusicas.org\/index.php\/o-ensamble-paisaxe-do-panama-estreia-ultimo-sol-obra-do-compositor-costa-riquenho-pablo-chin-ganhadora-do-concurso-ibermusicas-de-composicao-e-estreia-2021\/","title":{"rendered":"O Ensamble Paisaxe do Panam\u00e1 estreia \u00ab\u00daltimo Sol\u00bb, obra do compositor costa-riquenho Pablo Chin, ganhadora do Concurso Iberm\u00fasicas de composi\u00e7\u00e3o e estreia 2021"},"content":{"rendered":"<p>\u00daltimo Sol \u00e9 composta por uma s\u00e9rie de improvisa\u00e7\u00f5es em forma de medita\u00e7\u00f5es realizadas durante o ver\u00e3o de 2020. Durante este tempo o mundo experimentou o isolamento de forma mais intensa. \u00c9 a partir deste espa\u00e7o em solid\u00e3o que emana o material da obra. O desenho da obra prop\u00f5e um fluxo cont\u00ednuo em cada uma das partes, e um grau de independ\u00eancia muito alta para a interpreta\u00e7\u00e3o individual. \u00c9 uma busca da liberdade no tempo, mas dentro de uma harmonia sonora. O texto \u00e9 do compositor e apresenta uma situa\u00e7\u00e3o de medita\u00e7\u00e3o, fazendo refer\u00eancia \u00e0 origem da obra em si.<\/p>\n<p>O Ensamble Paisaxe foi fundado em 2008. Dirigiu seus esfor\u00e7os \u00e0 pesquisa e desenvolvimento da m\u00fasica de c\u00e2mara, com especial aten\u00e7\u00e3o ao repert\u00f3rio cl\u00e1ssico, latino-americano e \u00e0 m\u00fasica contempor\u00e2nea. Desde 2016 est\u00e3o dedicados ao resgate, estudo e divulga\u00e7\u00e3o da m\u00fasica do grande mestre e compositor chiricano, Gonzalo Brenes. Paisaxe se destacou em prestigiosas salas e festivais do Panam\u00e1 e em um sem n\u00famero de eventos art\u00edsticos e oficinas did\u00e1ticas. Tamb\u00e9m colaboraram com not\u00e1veis compositores internacionais da atualidade tais como: Mario Lavista (M\u00e9xico), Sergio Rodrigo (Brasil), Martin Herraiz (Brasil), Valent\u00edn Pelisch (Argentina), Federico Garc\u00eda de Castro (Col\u00f4mbia); bem como nacionais: Elcio de S\u00e1, Luis Carlos P\u00e9rez e Ricardo Risco, atual subdiretor da Orquestra Sinf\u00f4nica Nacional do Panam\u00e1.<\/p>\n<p>S\u00e1bado 16 de julho 16 hs. Museu do Canal &#8211; Cidade Velha &#8211; Panam\u00e1. Estreia de \u00ab\u00daltimo Sol\u00bb de Pablo Santiago Chin. Ser\u00e3o tamb\u00e9m parte do repert\u00f3rio a obra multim\u00eddia \u00abGreen Alter Egos (Chin\/Alzamora) e \u00abQuatro Pe\u00e7as Curtas: in Memoriam Vit\u00edn Paz\u00bb (Risco).<\/p>\n","protected":false},"excerpt":{"rendered":"<p>\u00daltimo Sol \u00e9 composta por uma s\u00e9rie de improvisa\u00e7\u00f5es em forma de medita\u00e7\u00f5es realizadas durante o ver\u00e3o de 2020. Durante este tempo o mundo experimentou o isolamento de forma mais intensa. \u00c9 a partir deste espa\u00e7o em solid\u00e3o que emana o material da obra. O desenho da obra prop\u00f5e um fluxo cont\u00ednuo em cada uma [&hellip;]<\/p>\n","protected":false},"author":1,"featured_media":12547,"comment_status":"closed","ping_status":"closed","sticky":false,"template":"","format":"standard","meta":{"footnotes":""},"categories":[218],"tags":[],"class_list":["post-12549","post","type-post","status-publish","format-standard","has-post-thumbnail","hentry","category-noticias-generales-pt"],"lang":"pt","translations":{"pt":12549,"es":12546},"pll_sync_post":[],"post_mailing_queue_ids":[],"_links":{"self":[{"href":"http:\/\/staging.ibermusicas.org\/index.php\/wp-json\/wp\/v2\/posts\/12549","targetHints":{"allow":["GET"]}}],"collection":[{"href":"http:\/\/staging.ibermusicas.org\/index.php\/wp-json\/wp\/v2\/posts"}],"about":[{"href":"http:\/\/staging.ibermusicas.org\/index.php\/wp-json\/wp\/v2\/types\/post"}],"author":[{"embeddable":true,"href":"http:\/\/staging.ibermusicas.org\/index.php\/wp-json\/wp\/v2\/users\/1"}],"replies":[{"embeddable":true,"href":"http:\/\/staging.ibermusicas.org\/index.php\/wp-json\/wp\/v2\/comments?post=12549"}],"version-history":[{"count":1,"href":"http:\/\/staging.ibermusicas.org\/index.php\/wp-json\/wp\/v2\/posts\/12549\/revisions"}],"predecessor-version":[{"id":12550,"href":"http:\/\/staging.ibermusicas.org\/index.php\/wp-json\/wp\/v2\/posts\/12549\/revisions\/12550"}],"wp:featuredmedia":[{"embeddable":true,"href":"http:\/\/staging.ibermusicas.org\/index.php\/wp-json\/wp\/v2\/media\/12547"}],"wp:attachment":[{"href":"http:\/\/staging.ibermusicas.org\/index.php\/wp-json\/wp\/v2\/media?parent=12549"}],"wp:term":[{"taxonomy":"category","embeddable":true,"href":"http:\/\/staging.ibermusicas.org\/index.php\/wp-json\/wp\/v2\/categories?post=12549"},{"taxonomy":"post_tag","embeddable":true,"href":"http:\/\/staging.ibermusicas.org\/index.php\/wp-json\/wp\/v2\/tags?post=12549"}],"curies":[{"name":"wp","href":"https:\/\/api.w.org\/{rel}","templated":true}]}}