{"id":12558,"date":"2022-07-15T19:40:25","date_gmt":"2022-07-15T19:40:25","guid":{"rendered":"http:\/\/staging.ibermusicas.org\/?p=12558"},"modified":"2022-07-15T19:40:25","modified_gmt":"2022-07-15T19:40:25","slug":"la-cantante-y-versadora-peruana-maria-haydee-se-presenta-en-el-xxi-festival-internacional-de-cante-de-poetas-de-malaga-espana","status":"publish","type":"post","link":"http:\/\/staging.ibermusicas.org\/index.php\/la-cantante-y-versadora-peruana-maria-haydee-se-presenta-en-el-xxi-festival-internacional-de-cante-de-poetas-de-malaga-espana\/","title":{"rendered":"La cantante y versadora peruana Mar\u00eda Hayde\u00e9 se presenta en el XXI Festival Internacional de Cante de Poetas de M\u00e1laga, Espa\u00f1a"},"content":{"rendered":"<p>La cantante y versadora huanuque\u00f1a Mar\u00eda Hayde\u00e9 y el guitarrista Emilio Vucetich, representar\u00e1n al Per\u00fa por primera vez en el \u00abXXI Festival Internacional de Cante de Poetas\u00bb. Del encuentro tambi\u00e9n participar\u00e1n a versadores y m\u00fasicos tradicionales de Puerto Rico, Panam\u00e1 y Espa\u00f1a. Mar\u00eda Hayde\u00e9 y Emilio Vucetich son parte del proyecto peruano Rima que Rima, agrupaci\u00f3n que tiene como objetivo contribuir a la preservaci\u00f3n de las pr\u00e1cticas po\u00e9tico-musicales de la tradici\u00f3n peruana e iberoamericana mediante la investigaci\u00f3n, el intercambio, la difusi\u00f3n, el desarrollo y procesos formativos.<\/p>\n<p>Del 29 al 31 de julio, Galas a partir de las 22 hs. XXI Festival Internacional de Cante de Poetas, Villanueva de Tapia, M\u00e1laga, Espa\u00f1a<\/p>\n","protected":false},"excerpt":{"rendered":"<p>La cantante y versadora huanuque\u00f1a Mar\u00eda Hayde\u00e9 y el guitarrista Emilio Vucetich, representar\u00e1n al Per\u00fa por primera vez en el \u00abXXI Festival Internacional de Cante de Poetas\u00bb. Del encuentro tambi\u00e9n participar\u00e1n a versadores y m\u00fasicos tradicionales de Puerto Rico, Panam\u00e1 y Espa\u00f1a. Mar\u00eda Hayde\u00e9 y Emilio Vucetich son parte del proyecto peruano Rima que Rima, [&hellip;]<\/p>\n","protected":false},"author":1,"featured_media":12559,"comment_status":"closed","ping_status":"closed","sticky":false,"template":"","format":"standard","meta":{"footnotes":""},"categories":[53],"tags":[],"class_list":["post-12558","post","type-post","status-publish","format-standard","has-post-thumbnail","hentry","category-noticias-generales"],"lang":"es","translations":{"es":12558,"pt":12561},"pll_sync_post":[],"post_mailing_queue_ids":[],"_links":{"self":[{"href":"http:\/\/staging.ibermusicas.org\/index.php\/wp-json\/wp\/v2\/posts\/12558","targetHints":{"allow":["GET"]}}],"collection":[{"href":"http:\/\/staging.ibermusicas.org\/index.php\/wp-json\/wp\/v2\/posts"}],"about":[{"href":"http:\/\/staging.ibermusicas.org\/index.php\/wp-json\/wp\/v2\/types\/post"}],"author":[{"embeddable":true,"href":"http:\/\/staging.ibermusicas.org\/index.php\/wp-json\/wp\/v2\/users\/1"}],"replies":[{"embeddable":true,"href":"http:\/\/staging.ibermusicas.org\/index.php\/wp-json\/wp\/v2\/comments?post=12558"}],"version-history":[{"count":1,"href":"http:\/\/staging.ibermusicas.org\/index.php\/wp-json\/wp\/v2\/posts\/12558\/revisions"}],"predecessor-version":[{"id":12560,"href":"http:\/\/staging.ibermusicas.org\/index.php\/wp-json\/wp\/v2\/posts\/12558\/revisions\/12560"}],"wp:featuredmedia":[{"embeddable":true,"href":"http:\/\/staging.ibermusicas.org\/index.php\/wp-json\/wp\/v2\/media\/12559"}],"wp:attachment":[{"href":"http:\/\/staging.ibermusicas.org\/index.php\/wp-json\/wp\/v2\/media?parent=12558"}],"wp:term":[{"taxonomy":"category","embeddable":true,"href":"http:\/\/staging.ibermusicas.org\/index.php\/wp-json\/wp\/v2\/categories?post=12558"},{"taxonomy":"post_tag","embeddable":true,"href":"http:\/\/staging.ibermusicas.org\/index.php\/wp-json\/wp\/v2\/tags?post=12558"}],"curies":[{"name":"wp","href":"https:\/\/api.w.org\/{rel}","templated":true}]}}