{"id":12561,"date":"2022-07-15T19:41:47","date_gmt":"2022-07-15T19:41:47","guid":{"rendered":"http:\/\/staging.ibermusicas.org\/?p=12561"},"modified":"2022-07-15T19:41:47","modified_gmt":"2022-07-15T19:41:47","slug":"a-cantora-e-versadora-peruana-maria-haydee-se-apresenta-no-xxi-festival-internacional-de-cante-de-poetas-de-malaga-espanha","status":"publish","type":"post","link":"http:\/\/staging.ibermusicas.org\/index.php\/a-cantora-e-versadora-peruana-maria-haydee-se-apresenta-no-xxi-festival-internacional-de-cante-de-poetas-de-malaga-espanha\/","title":{"rendered":"A cantora e versadora peruana Mar\u00eda Hayde\u00e9 se apresenta no XXI Festival Internacional de Cante de Poetas de M\u00e1laga, Espanha"},"content":{"rendered":"<p>A cantora e versadora huanuque\u00f1a Mar\u00eda Hayde\u00e9 e o guitarrista Emilio Vucetich representar\u00e3o o Peru pela primeira vez no \u00abXXI Festival Internacional de Cante de Poetas\u00bb. Do encontro tamb\u00e9m participar\u00e3o versadores e m\u00fasicos tradicionais de Porto Rico, Panam\u00e1 e Espanha. Mar\u00eda Hayde\u00e9 e Emilio Vucetich fazem parte do projeto peruano Rima que Rima, grupo que tem como objetivo contribuir para a preserva\u00e7\u00e3o das pr\u00e1ticas po\u00e9tico-musicais da tradi\u00e7\u00e3o peruana e ibero-americana atrav\u00e9s da investiga\u00e7\u00e3o, do interc\u00e2mbio, da difus\u00e3o, o desenvolvimento e processos formativos.<\/p>\n<p>De 29 a 31 de julho, Galas a partir das 22 hs. XXI Festival Internacional de Cante de Poetas, Villanueva de Tapia, M\u00e1laga, Espanha<\/p>\n","protected":false},"excerpt":{"rendered":"<p>A cantora e versadora huanuque\u00f1a Mar\u00eda Hayde\u00e9 e o guitarrista Emilio Vucetich representar\u00e3o o Peru pela primeira vez no \u00abXXI Festival Internacional de Cante de Poetas\u00bb. Do encontro tamb\u00e9m participar\u00e3o versadores e m\u00fasicos tradicionais de Porto Rico, Panam\u00e1 e Espanha. Mar\u00eda Hayde\u00e9 e Emilio Vucetich fazem parte do projeto peruano Rima que Rima, grupo que [&hellip;]<\/p>\n","protected":false},"author":1,"featured_media":12559,"comment_status":"closed","ping_status":"closed","sticky":false,"template":"","format":"standard","meta":{"footnotes":""},"categories":[218],"tags":[],"class_list":["post-12561","post","type-post","status-publish","format-standard","has-post-thumbnail","hentry","category-noticias-generales-pt"],"lang":"pt","translations":{"pt":12561,"es":12558},"pll_sync_post":[],"post_mailing_queue_ids":[],"_links":{"self":[{"href":"http:\/\/staging.ibermusicas.org\/index.php\/wp-json\/wp\/v2\/posts\/12561","targetHints":{"allow":["GET"]}}],"collection":[{"href":"http:\/\/staging.ibermusicas.org\/index.php\/wp-json\/wp\/v2\/posts"}],"about":[{"href":"http:\/\/staging.ibermusicas.org\/index.php\/wp-json\/wp\/v2\/types\/post"}],"author":[{"embeddable":true,"href":"http:\/\/staging.ibermusicas.org\/index.php\/wp-json\/wp\/v2\/users\/1"}],"replies":[{"embeddable":true,"href":"http:\/\/staging.ibermusicas.org\/index.php\/wp-json\/wp\/v2\/comments?post=12561"}],"version-history":[{"count":1,"href":"http:\/\/staging.ibermusicas.org\/index.php\/wp-json\/wp\/v2\/posts\/12561\/revisions"}],"predecessor-version":[{"id":12562,"href":"http:\/\/staging.ibermusicas.org\/index.php\/wp-json\/wp\/v2\/posts\/12561\/revisions\/12562"}],"wp:featuredmedia":[{"embeddable":true,"href":"http:\/\/staging.ibermusicas.org\/index.php\/wp-json\/wp\/v2\/media\/12559"}],"wp:attachment":[{"href":"http:\/\/staging.ibermusicas.org\/index.php\/wp-json\/wp\/v2\/media?parent=12561"}],"wp:term":[{"taxonomy":"category","embeddable":true,"href":"http:\/\/staging.ibermusicas.org\/index.php\/wp-json\/wp\/v2\/categories?post=12561"},{"taxonomy":"post_tag","embeddable":true,"href":"http:\/\/staging.ibermusicas.org\/index.php\/wp-json\/wp\/v2\/tags?post=12561"}],"curies":[{"name":"wp","href":"https:\/\/api.w.org\/{rel}","templated":true}]}}