{"id":12563,"date":"2022-07-15T20:18:13","date_gmt":"2022-07-15T20:18:13","guid":{"rendered":"http:\/\/staging.ibermusicas.org\/?p=12563"},"modified":"2022-07-29T17:32:04","modified_gmt":"2022-07-29T17:32:04","slug":"el-gran-arpista-y-compositor-paraguayo-juanjo-corbalan-realizara-una-gira-por-espana-y-portugal","status":"publish","type":"post","link":"http:\/\/staging.ibermusicas.org\/index.php\/el-gran-arpista-y-compositor-paraguayo-juanjo-corbalan-realizara-una-gira-por-espana-y-portugal\/","title":{"rendered":"El gran arpista y compositor paraguayo Juanjo Corbal\u00e1n realizar\u00e1 una gira por Espa\u00f1a y Portugal"},"content":{"rendered":"<p>Arpista y compositor paraguayo, actualmente con su cuarteto re\u00fanen y rescatan sonoridades de la m\u00fasica popular paraguaya combinando elementos de los ritmos tradicionales de su pa\u00eds, ritmos latinoamericanos e influencias jazz\u00edsticas, incorporando al arpa dentro de un lenguaje musical m\u00e1s libre, cargada de m\u00fasica instrumental, cantos nativos, composiciones propias e improvisaciones.<\/p>\n<p>Integran la agrupaci\u00f3n de Juanjo Corbal\u00e1n: Seba Ram\u00edrez en bater\u00eda y percusi\u00f3n, V\u00edctor \u00c1lvarez en piano y voces, Lara Barreto en saxofones y voces y Juanjo Corbal\u00e1n en arpa paraguaya<\/p>\n<p>16 de julio, Jamboree Jazz Club, Barcelona, Espa\u00f1a<br \/>\n18 de julio, La Polivalente Lagunillas, M\u00e1laga, Espa\u00f1a<br \/>\n21 de julio, Cascais Jazz Club, Cascais, Portugal<br \/>\n22 de julio, F\u00e1brica bra\u00e7o de Prata, Lisboa, Portugal<br \/>\n28 de julio, Jazz en la plaza, Granada, Espa\u00f1a<\/p>\n","protected":false},"excerpt":{"rendered":"<p>Arpista y compositor paraguayo, actualmente con su cuarteto re\u00fanen y rescatan sonoridades de la m\u00fasica popular paraguaya combinando elementos de los ritmos tradicionales de su pa\u00eds, ritmos latinoamericanos e influencias jazz\u00edsticas, incorporando al arpa dentro de un lenguaje musical m\u00e1s libre, cargada de m\u00fasica instrumental, cantos nativos, composiciones propias e improvisaciones. Integran la agrupaci\u00f3n de [&hellip;]<\/p>\n","protected":false},"author":1,"featured_media":12564,"comment_status":"closed","ping_status":"closed","sticky":false,"template":"","format":"standard","meta":{"footnotes":""},"categories":[53],"tags":[],"class_list":["post-12563","post","type-post","status-publish","format-standard","has-post-thumbnail","hentry","category-noticias-generales"],"lang":"es","translations":{"es":12563,"pt":12566},"pll_sync_post":[],"post_mailing_queue_ids":[],"_links":{"self":[{"href":"http:\/\/staging.ibermusicas.org\/index.php\/wp-json\/wp\/v2\/posts\/12563","targetHints":{"allow":["GET"]}}],"collection":[{"href":"http:\/\/staging.ibermusicas.org\/index.php\/wp-json\/wp\/v2\/posts"}],"about":[{"href":"http:\/\/staging.ibermusicas.org\/index.php\/wp-json\/wp\/v2\/types\/post"}],"author":[{"embeddable":true,"href":"http:\/\/staging.ibermusicas.org\/index.php\/wp-json\/wp\/v2\/users\/1"}],"replies":[{"embeddable":true,"href":"http:\/\/staging.ibermusicas.org\/index.php\/wp-json\/wp\/v2\/comments?post=12563"}],"version-history":[{"count":1,"href":"http:\/\/staging.ibermusicas.org\/index.php\/wp-json\/wp\/v2\/posts\/12563\/revisions"}],"predecessor-version":[{"id":12565,"href":"http:\/\/staging.ibermusicas.org\/index.php\/wp-json\/wp\/v2\/posts\/12563\/revisions\/12565"}],"wp:featuredmedia":[{"embeddable":true,"href":"http:\/\/staging.ibermusicas.org\/index.php\/wp-json\/wp\/v2\/media\/12564"}],"wp:attachment":[{"href":"http:\/\/staging.ibermusicas.org\/index.php\/wp-json\/wp\/v2\/media?parent=12563"}],"wp:term":[{"taxonomy":"category","embeddable":true,"href":"http:\/\/staging.ibermusicas.org\/index.php\/wp-json\/wp\/v2\/categories?post=12563"},{"taxonomy":"post_tag","embeddable":true,"href":"http:\/\/staging.ibermusicas.org\/index.php\/wp-json\/wp\/v2\/tags?post=12563"}],"curies":[{"name":"wp","href":"https:\/\/api.w.org\/{rel}","templated":true}]}}