{"id":12566,"date":"2022-07-15T20:19:15","date_gmt":"2022-07-15T20:19:15","guid":{"rendered":"http:\/\/staging.ibermusicas.org\/?p=12566"},"modified":"2022-07-29T17:33:42","modified_gmt":"2022-07-29T17:33:42","slug":"o-grande-harpista-e-compositor-paraguaio-juanjo-corbalan-fara-uma-turne-pela-espanha-e-portugal","status":"publish","type":"post","link":"http:\/\/staging.ibermusicas.org\/index.php\/o-grande-harpista-e-compositor-paraguaio-juanjo-corbalan-fara-uma-turne-pela-espanha-e-portugal\/","title":{"rendered":"O grande harpista e compositor paraguaio Juanjo Corbal\u00e1n far\u00e1 uma turn\u00ea pela Espanha e Portugal"},"content":{"rendered":"<p>Arpista e compositor paraguaio, atualmente com seu quarteto re\u00fanem e resgatam sonoridades da m\u00fasica popular paraguaia combinando elementos dos ritmos tradicionais de seu pa\u00eds, ritmos latino-americanos e influ\u00eancias jazz\u00edsticas, incorporando a harpa dentro de uma linguagem musical mais livre, carregada de m\u00fasica instrumental, cantos nativos, composi\u00e7\u00f5es pr\u00f3prias e improvisa\u00e7\u00f5es.<\/p>\n<p>Integram o grupo de Juanjo Corbal\u00e1n: Seba Ram\u00edrez em bateria e percuss\u00e3o, V\u00edctor \u00c1lvarez em piano e vozes, Lara Barreto em saxofones e vozes e Juanjo Corbal\u00e1n em harpa paraguaia<\/p>\n<p>16 de julho, Jamboree Jazz Club, Barcelona, Espanha<br \/>\n18 de julho, La Polivalente Lagunillas, M\u00e1laga, Espanha<br \/>\n21 de Julho, Cascais Jazz Club, Cascais, Portugal<br \/>\n22 de julho, F\u00e1brica Bra\u00e7o de Prata, Lisboa, Portugal<br \/>\n28 de julho, Jazz na pra\u00e7a, Granada, Espanha<\/p>\n","protected":false},"excerpt":{"rendered":"<p>Arpista e compositor paraguaio, atualmente com seu quarteto re\u00fanem e resgatam sonoridades da m\u00fasica popular paraguaia combinando elementos dos ritmos tradicionais de seu pa\u00eds, ritmos latino-americanos e influ\u00eancias jazz\u00edsticas, incorporando a harpa dentro de uma linguagem musical mais livre, carregada de m\u00fasica instrumental, cantos nativos, composi\u00e7\u00f5es pr\u00f3prias e improvisa\u00e7\u00f5es. Integram o grupo de Juanjo Corbal\u00e1n: [&hellip;]<\/p>\n","protected":false},"author":1,"featured_media":12564,"comment_status":"closed","ping_status":"closed","sticky":false,"template":"","format":"standard","meta":{"footnotes":""},"categories":[218],"tags":[],"class_list":["post-12566","post","type-post","status-publish","format-standard","has-post-thumbnail","hentry","category-noticias-generales-pt"],"lang":"pt","translations":{"pt":12566,"es":12563},"pll_sync_post":[],"post_mailing_queue_ids":[],"_links":{"self":[{"href":"http:\/\/staging.ibermusicas.org\/index.php\/wp-json\/wp\/v2\/posts\/12566","targetHints":{"allow":["GET"]}}],"collection":[{"href":"http:\/\/staging.ibermusicas.org\/index.php\/wp-json\/wp\/v2\/posts"}],"about":[{"href":"http:\/\/staging.ibermusicas.org\/index.php\/wp-json\/wp\/v2\/types\/post"}],"author":[{"embeddable":true,"href":"http:\/\/staging.ibermusicas.org\/index.php\/wp-json\/wp\/v2\/users\/1"}],"replies":[{"embeddable":true,"href":"http:\/\/staging.ibermusicas.org\/index.php\/wp-json\/wp\/v2\/comments?post=12566"}],"version-history":[{"count":1,"href":"http:\/\/staging.ibermusicas.org\/index.php\/wp-json\/wp\/v2\/posts\/12566\/revisions"}],"predecessor-version":[{"id":12567,"href":"http:\/\/staging.ibermusicas.org\/index.php\/wp-json\/wp\/v2\/posts\/12566\/revisions\/12567"}],"wp:featuredmedia":[{"embeddable":true,"href":"http:\/\/staging.ibermusicas.org\/index.php\/wp-json\/wp\/v2\/media\/12564"}],"wp:attachment":[{"href":"http:\/\/staging.ibermusicas.org\/index.php\/wp-json\/wp\/v2\/media?parent=12566"}],"wp:term":[{"taxonomy":"category","embeddable":true,"href":"http:\/\/staging.ibermusicas.org\/index.php\/wp-json\/wp\/v2\/categories?post=12566"},{"taxonomy":"post_tag","embeddable":true,"href":"http:\/\/staging.ibermusicas.org\/index.php\/wp-json\/wp\/v2\/tags?post=12566"}],"curies":[{"name":"wp","href":"https:\/\/api.w.org\/{rel}","templated":true}]}}