{"id":12568,"date":"2022-07-15T20:25:18","date_gmt":"2022-07-15T20:25:18","guid":{"rendered":"http:\/\/staging.ibermusicas.org\/?p=12568"},"modified":"2022-07-15T20:25:18","modified_gmt":"2022-07-15T20:25:18","slug":"continuan-las-presentaciones-de-eloisa-diaz-ciencia-urgente-mediometraje-musical-animado-sobre-la-primera-medica-chilena-y-de-america-latina","status":"publish","type":"post","link":"http:\/\/staging.ibermusicas.org\/index.php\/continuan-las-presentaciones-de-eloisa-diaz-ciencia-urgente-mediometraje-musical-animado-sobre-la-primera-medica-chilena-y-de-america-latina\/","title":{"rendered":"Contin\u00faan las presentaciones de Elo\u00edsa D\u00edaz: Ciencia Urgente, mediometraje musical animado sobre la primera m\u00e9dica chilena y de Am\u00e9rica Latina"},"content":{"rendered":"<p>La agrupaci\u00f3n musical de divulgaci\u00f3n hist\u00f3rica Alameda Memoria regresa con su nuevo trabajo que es adem\u00e1s su debut en el formato audiovisual. Este trabajo visibiliza los aportes de la doctora Elo\u00edsa a la salud p\u00fablica, as\u00ed como tambi\u00e9n los obst\u00e1culos que debi\u00f3 afrontar. Elo\u00edsa D\u00edaz debi\u00f3 ejercer en un contexto extremadamente adverso: la oposici\u00f3n ac\u00e9rrima del mundo conservador al ejercicio profesional de las mujeres sumado a los prejuicios mis\u00f3ginos de la \u00e9poca; el asedio constante de enfermedades letales como la viruela, el c\u00f3lera y la tuberculosis; las carencias materiales de las escuelas p\u00fablicas donde trabaj\u00f3 y las limitaciones tecnol\u00f3gicas: no hab\u00eda antibi\u00f3ticos, anestesia, mascarillas quir\u00fargicas ni se hab\u00eda masificado el uso de la electricidad en la medicina, lo cual tuvo a la propia doctora al borde de la muerte en sus primeros a\u00f1os de ejercicio.<\/p>\n<p>La obra fue escrita y compuesta por Felipe Sandoval, cuenta con la direcci\u00f3n musical de Alfonsina Torrealba y la animaci\u00f3n de la realizadora audiovisual Paz Donoso. Alameda Memoria es una agrupaci\u00f3n musical de divulgaci\u00f3n hist\u00f3rica que ya cuenta con dos trabajos anteriores, Cantata por Clotario Blest (2017) y Men\u00e9ndez: Auge y ca\u00edda del rey de la Patagonia (2019). Ambas obras est\u00e1n disponibles en las plataformas de streaming Spotify, Tidal, Apple Music, entre otras<\/p>\n<p>&#8211; Del 9 al 24 de julio, 14:00 hs. Museo Interactivo Mirador &#8211; MIM. Av. Punta Arenas 6711, La Granja, Regi\u00f3n Metropolitana. Santiago de Chile<br \/>\n&#8211; Viernes 22 de julio, 16:00 hs. Biblioteca Regional de Antofagasta, Jorge Washington 2623, Antofagasta, Chile<br \/>\n&#8211; Jueves 28 de julio, 17:00 hs. Red Historia Regi\u00f3n (funci\u00f3n virtual), Concepci\u00f3n, Chile.\u00a0<a href=\"https:\/\/lt.mydplr.com\/359a40bd66e4542ccf49a1bba18c6d5c-81868bec073b3970fa62af291f12b42d\" target=\"_blank\" rel=\"noopener\" data-saferedirecturl=\"https:\/\/www.google.com\/url?q=https:\/\/lt.mydplr.com\/359a40bd66e4542ccf49a1bba18c6d5c-81868bec073b3970fa62af291f12b42d&amp;source=gmail&amp;ust=1657996076351000&amp;usg=AOvVaw1iDM3FjDlAANbAdxQIdgup\">youtube<\/a><br \/>\n&#8211; Viernes 29 de julio, 19:00 hs. Colegio M\u00e9dico de Santiago, Rafael Prado 419, \u00d1u\u00f1oa, Regi\u00f3n Metropolitana, Santiago de Chile<\/p>\n","protected":false},"excerpt":{"rendered":"<p>La agrupaci\u00f3n musical de divulgaci\u00f3n hist\u00f3rica Alameda Memoria regresa con su nuevo trabajo que es adem\u00e1s su debut en el formato audiovisual. Este trabajo visibiliza los aportes de la doctora Elo\u00edsa a la salud p\u00fablica, as\u00ed como tambi\u00e9n los obst\u00e1culos que debi\u00f3 afrontar. Elo\u00edsa D\u00edaz debi\u00f3 ejercer en un contexto extremadamente adverso: la oposici\u00f3n ac\u00e9rrima [&hellip;]<\/p>\n","protected":false},"author":1,"featured_media":12569,"comment_status":"closed","ping_status":"closed","sticky":false,"template":"","format":"standard","meta":{"footnotes":""},"categories":[53],"tags":[],"class_list":["post-12568","post","type-post","status-publish","format-standard","has-post-thumbnail","hentry","category-noticias-generales"],"lang":"es","translations":{"es":12568,"pt":12571},"pll_sync_post":[],"post_mailing_queue_ids":[],"_links":{"self":[{"href":"http:\/\/staging.ibermusicas.org\/index.php\/wp-json\/wp\/v2\/posts\/12568","targetHints":{"allow":["GET"]}}],"collection":[{"href":"http:\/\/staging.ibermusicas.org\/index.php\/wp-json\/wp\/v2\/posts"}],"about":[{"href":"http:\/\/staging.ibermusicas.org\/index.php\/wp-json\/wp\/v2\/types\/post"}],"author":[{"embeddable":true,"href":"http:\/\/staging.ibermusicas.org\/index.php\/wp-json\/wp\/v2\/users\/1"}],"replies":[{"embeddable":true,"href":"http:\/\/staging.ibermusicas.org\/index.php\/wp-json\/wp\/v2\/comments?post=12568"}],"version-history":[{"count":1,"href":"http:\/\/staging.ibermusicas.org\/index.php\/wp-json\/wp\/v2\/posts\/12568\/revisions"}],"predecessor-version":[{"id":12570,"href":"http:\/\/staging.ibermusicas.org\/index.php\/wp-json\/wp\/v2\/posts\/12568\/revisions\/12570"}],"wp:featuredmedia":[{"embeddable":true,"href":"http:\/\/staging.ibermusicas.org\/index.php\/wp-json\/wp\/v2\/media\/12569"}],"wp:attachment":[{"href":"http:\/\/staging.ibermusicas.org\/index.php\/wp-json\/wp\/v2\/media?parent=12568"}],"wp:term":[{"taxonomy":"category","embeddable":true,"href":"http:\/\/staging.ibermusicas.org\/index.php\/wp-json\/wp\/v2\/categories?post=12568"},{"taxonomy":"post_tag","embeddable":true,"href":"http:\/\/staging.ibermusicas.org\/index.php\/wp-json\/wp\/v2\/tags?post=12568"}],"curies":[{"name":"wp","href":"https:\/\/api.w.org\/{rel}","templated":true}]}}