{"id":12571,"date":"2022-07-15T20:26:41","date_gmt":"2022-07-15T20:26:41","guid":{"rendered":"http:\/\/staging.ibermusicas.org\/?p=12571"},"modified":"2022-07-15T20:26:41","modified_gmt":"2022-07-15T20:26:41","slug":"continuam-as-apresentacoes-de-eloisa-diaz-ciencia-urgente-mediometraje-musical-animado-sobre-a-primeira-medica-chilena-e-da-america-latina","status":"publish","type":"post","link":"http:\/\/staging.ibermusicas.org\/index.php\/continuam-as-apresentacoes-de-eloisa-diaz-ciencia-urgente-mediometraje-musical-animado-sobre-a-primeira-medica-chilena-e-da-america-latina\/","title":{"rendered":"Continuam as apresenta\u00e7\u00f5es de Elo\u00edsa D\u00edaz: Ciencia Urgente, mediometraje musical animado sobre a primeira m\u00e9dica chilena e da Am\u00e9rica Latina"},"content":{"rendered":"<p>O agrupamento musical de divulga\u00e7\u00e3o hist\u00f3rica Alameda Mem\u00f3ria retorna com seu novo trabalho que \u00e9 sua estr\u00e9ia no formato audiovisual. Este trabalho visibiliza as contribui\u00e7\u00f5es da doutora Elo\u00edsa \u00e0 sa\u00fade p\u00fablica, assim como tamb\u00e9m os obst\u00e1culos que teve que enfrentar. Elo\u00edsa D\u00edaz teve de exercer num contexto extremamente adverso: a oposi\u00e7\u00e3o ac\u00e9rrima do mundo conservador ao exerc\u00edcio profissional das mulheres somado aos preconceitos mis\u00f3ginos da \u00e9poca; o ass\u00e9dio constante de doen\u00e7as letais como a var\u00edola, a c\u00f3lera e a tuberculose; as car\u00eancias materiais das escolas p\u00fablicas onde trabalhou e as limita\u00e7\u00f5es tecnol\u00f3gicas: n\u00e3o havia antibi\u00f3ticos, anestesia, m\u00e1scaras cir\u00fargicas nem se tinha massificado o uso da eletricidade na medicina, O que levou a pr\u00f3pria m\u00e9dica \u00e0 beira da morte em seus primeiros anos de exerc\u00edcio.<\/p>\n<p>A obra foi escrita e composta por Felipe Sandoval, conta com a dire\u00e7\u00e3o musical de Alfonsina Torrealba e a anima\u00e7\u00e3o da realizadora audiovisual Paz Donoso. Alameda Mem\u00f3ria \u00e9 um agrupamento musical de divulga\u00e7\u00e3o hist\u00f3rica que j\u00e1 conta com dois trabalhos anteriores, Cantata por Clotario Blest (2017) e Men\u00e9ndez: Auge e queda do rei da Patag\u00f4nia (2019). Ambas as obras est\u00e3o dispon\u00edveis nas plataformas de streaming Spotify, Tidal, Apple Music, entre outras<\/p>\n<p>&#8211; De 9 a 24 de julho, \u00e0s 14:00 hs. Museu Interativo Mirador &#8211; MIM. Av. Punta Arenas 6711, La Granja, Regi\u00e3o Metropolitana. Santiago do Chile<br \/>\n&#8211; Sexta Feira 22 de julho, 16:00 hs Biblioteca Regional de Antofagasta, Jorge Washington 2623, Antofagasta, Chile<br \/>\n&#8211; Quinta-Feira 28 de julho, 17:00 hs Rede Regi\u00e3o Hist\u00f3ria (fun\u00e7\u00e3o virtual), Concepci\u00f3n, Chile.\u00a0<a href=\"https:\/\/lt.mydplr.com\/359a40bd66e4542ccf49a1bba18c6d5c-81868bec073b3970fa62af291f12b42d\" target=\"_blank\" rel=\"noopener\" data-saferedirecturl=\"https:\/\/www.google.com\/url?q=https:\/\/lt.mydplr.com\/359a40bd66e4542ccf49a1bba18c6d5c-81868bec073b3970fa62af291f12b42d&amp;source=gmail&amp;ust=1657996076351000&amp;usg=AOvVaw1iDM3FjDlAANbAdxQIdgup\">youtube<\/a><br \/>\n&#8211; Sexta Feira, 29 de julho, 19:00 hs. Faculdade de Medicina de Santiago, Rafael Prado 419, \u00d1u\u00f1oa, Regi\u00e3o Metropolitana, Santiago do Chile<\/p>\n","protected":false},"excerpt":{"rendered":"<p>O agrupamento musical de divulga\u00e7\u00e3o hist\u00f3rica Alameda Mem\u00f3ria retorna com seu novo trabalho que \u00e9 sua estr\u00e9ia no formato audiovisual. Este trabalho visibiliza as contribui\u00e7\u00f5es da doutora Elo\u00edsa \u00e0 sa\u00fade p\u00fablica, assim como tamb\u00e9m os obst\u00e1culos que teve que enfrentar. Elo\u00edsa D\u00edaz teve de exercer num contexto extremamente adverso: a oposi\u00e7\u00e3o ac\u00e9rrima do mundo conservador [&hellip;]<\/p>\n","protected":false},"author":1,"featured_media":12569,"comment_status":"closed","ping_status":"closed","sticky":false,"template":"","format":"standard","meta":{"footnotes":""},"categories":[218],"tags":[],"class_list":["post-12571","post","type-post","status-publish","format-standard","has-post-thumbnail","hentry","category-noticias-generales-pt"],"lang":"pt","translations":{"pt":12571,"es":12568},"pll_sync_post":[],"post_mailing_queue_ids":[],"_links":{"self":[{"href":"http:\/\/staging.ibermusicas.org\/index.php\/wp-json\/wp\/v2\/posts\/12571","targetHints":{"allow":["GET"]}}],"collection":[{"href":"http:\/\/staging.ibermusicas.org\/index.php\/wp-json\/wp\/v2\/posts"}],"about":[{"href":"http:\/\/staging.ibermusicas.org\/index.php\/wp-json\/wp\/v2\/types\/post"}],"author":[{"embeddable":true,"href":"http:\/\/staging.ibermusicas.org\/index.php\/wp-json\/wp\/v2\/users\/1"}],"replies":[{"embeddable":true,"href":"http:\/\/staging.ibermusicas.org\/index.php\/wp-json\/wp\/v2\/comments?post=12571"}],"version-history":[{"count":1,"href":"http:\/\/staging.ibermusicas.org\/index.php\/wp-json\/wp\/v2\/posts\/12571\/revisions"}],"predecessor-version":[{"id":12572,"href":"http:\/\/staging.ibermusicas.org\/index.php\/wp-json\/wp\/v2\/posts\/12571\/revisions\/12572"}],"wp:featuredmedia":[{"embeddable":true,"href":"http:\/\/staging.ibermusicas.org\/index.php\/wp-json\/wp\/v2\/media\/12569"}],"wp:attachment":[{"href":"http:\/\/staging.ibermusicas.org\/index.php\/wp-json\/wp\/v2\/media?parent=12571"}],"wp:term":[{"taxonomy":"category","embeddable":true,"href":"http:\/\/staging.ibermusicas.org\/index.php\/wp-json\/wp\/v2\/categories?post=12571"},{"taxonomy":"post_tag","embeddable":true,"href":"http:\/\/staging.ibermusicas.org\/index.php\/wp-json\/wp\/v2\/tags?post=12571"}],"curies":[{"name":"wp","href":"https:\/\/api.w.org\/{rel}","templated":true}]}}