{"id":12573,"date":"2022-07-15T20:31:19","date_gmt":"2022-07-15T20:31:19","guid":{"rendered":"http:\/\/staging.ibermusicas.org\/?p=12573"},"modified":"2022-07-15T20:31:19","modified_gmt":"2022-07-15T20:31:19","slug":"la-cantautora-argentina-majo-clutet-nos-acerca-desde-mexico-el-primer-capitulo-de-su-trabajo-cantares-musicas-generos-y-territorios-2","status":"publish","type":"post","link":"http:\/\/staging.ibermusicas.org\/index.php\/la-cantautora-argentina-majo-clutet-nos-acerca-desde-mexico-el-primer-capitulo-de-su-trabajo-cantares-musicas-generos-y-territorios-2\/","title":{"rendered":"La cantautora argentina Majo Clutet nos acerca desde M\u00e9xico el primer cap\u00edtulo de su trabajo \u201cCantares: M\u00fasica(s), G\u00e9nero(s) y Territorio(s)\u201d"},"content":{"rendered":"<p>\u201cCantares: M\u00fasica(s), G\u00e9nero(s) y Territorio(s)\u201d es una serie de micro documentales que pretenden visibilizar y favorecer la cooperaci\u00f3n entre mujeres m\u00fasicas latinoamericanas, destacando las experiencias, obst\u00e1culos y reivindicaciones de sus protagonistas. El proyecto se realiza en el marco de un viaje por Latinoam\u00e9rica de la cantautora argentina Majo Clutet que se encuentra documentando testimonios y canciones de otras mujeres m\u00fasicas de la regi\u00f3n.<\/p>\n<p>El objetivo es construir un relato en conjunto que se encuentre atravesado por las experiencias y vivencias a trav\u00e9s de tres ejes fundamentales: la m\u00fasica, el g\u00e9nero y el territorio.<\/p>\n<p>En el primer cap\u00edtulo Majo Clutet entrevista y realiza una colaboraci\u00f3n musical con la cantautora mexicana Elo Vit en su casa ubicada en Ciudad de M\u00e9xico.<\/p>\n","protected":false},"excerpt":{"rendered":"<p>\u201cCantares: M\u00fasica(s), G\u00e9nero(s) y Territorio(s)\u201d es una serie de micro documentales que pretenden visibilizar y favorecer la cooperaci\u00f3n entre mujeres m\u00fasicas latinoamericanas, destacando las experiencias, obst\u00e1culos y reivindicaciones de sus protagonistas. El proyecto se realiza en el marco de un viaje por Latinoam\u00e9rica de la cantautora argentina Majo Clutet que se encuentra documentando testimonios y [&hellip;]<\/p>\n","protected":false},"author":1,"featured_media":12574,"comment_status":"closed","ping_status":"closed","sticky":false,"template":"","format":"standard","meta":{"footnotes":""},"categories":[53],"tags":[],"class_list":["post-12573","post","type-post","status-publish","format-standard","has-post-thumbnail","hentry","category-noticias-generales"],"lang":"es","translations":{"es":12573,"pt":12576},"pll_sync_post":[],"post_mailing_queue_ids":[],"_links":{"self":[{"href":"http:\/\/staging.ibermusicas.org\/index.php\/wp-json\/wp\/v2\/posts\/12573","targetHints":{"allow":["GET"]}}],"collection":[{"href":"http:\/\/staging.ibermusicas.org\/index.php\/wp-json\/wp\/v2\/posts"}],"about":[{"href":"http:\/\/staging.ibermusicas.org\/index.php\/wp-json\/wp\/v2\/types\/post"}],"author":[{"embeddable":true,"href":"http:\/\/staging.ibermusicas.org\/index.php\/wp-json\/wp\/v2\/users\/1"}],"replies":[{"embeddable":true,"href":"http:\/\/staging.ibermusicas.org\/index.php\/wp-json\/wp\/v2\/comments?post=12573"}],"version-history":[{"count":1,"href":"http:\/\/staging.ibermusicas.org\/index.php\/wp-json\/wp\/v2\/posts\/12573\/revisions"}],"predecessor-version":[{"id":12575,"href":"http:\/\/staging.ibermusicas.org\/index.php\/wp-json\/wp\/v2\/posts\/12573\/revisions\/12575"}],"wp:featuredmedia":[{"embeddable":true,"href":"http:\/\/staging.ibermusicas.org\/index.php\/wp-json\/wp\/v2\/media\/12574"}],"wp:attachment":[{"href":"http:\/\/staging.ibermusicas.org\/index.php\/wp-json\/wp\/v2\/media?parent=12573"}],"wp:term":[{"taxonomy":"category","embeddable":true,"href":"http:\/\/staging.ibermusicas.org\/index.php\/wp-json\/wp\/v2\/categories?post=12573"},{"taxonomy":"post_tag","embeddable":true,"href":"http:\/\/staging.ibermusicas.org\/index.php\/wp-json\/wp\/v2\/tags?post=12573"}],"curies":[{"name":"wp","href":"https:\/\/api.w.org\/{rel}","templated":true}]}}