{"id":12576,"date":"2022-07-15T20:32:46","date_gmt":"2022-07-15T20:32:46","guid":{"rendered":"http:\/\/staging.ibermusicas.org\/?p=12576"},"modified":"2022-07-15T20:32:46","modified_gmt":"2022-07-15T20:32:46","slug":"a-cantora-argentina-majo-clutet-nos-aproxima-desde-o-mexico-o-primeiro-capitulo-de-seu-trabalho-cantares-musicas-generos-e-territorios-2","status":"publish","type":"post","link":"http:\/\/staging.ibermusicas.org\/index.php\/a-cantora-argentina-majo-clutet-nos-aproxima-desde-o-mexico-o-primeiro-capitulo-de-seu-trabalho-cantares-musicas-generos-e-territorios-2\/","title":{"rendered":"A cantora argentina Majo Clutet nos aproxima desde o M\u00e9xico o primeiro cap\u00edtulo de seu trabalho \u00abCantares: M\u00fasica(s), G\u00eanero(s) e Territ\u00f3rio(s)\u00bb"},"content":{"rendered":"<p>\u00abCantares: M\u00fasica(s), G\u00eanero(s) e Territ\u00f3rio(s)\u00bb \u00e9 uma s\u00e9rie de micro-document\u00e1rios que pretendem visibilizar e favorecer a coopera\u00e7\u00e3o entre mulheres m\u00fasicas latino-americanas, destacando as experi\u00eancias, obst\u00e1culos e reivindica\u00e7\u00f5es de seus protagonistas. O projeto se realiza no marco de uma viagem pela Am\u00e9rica Latina da cantora argentina Majo Clutet que se encontra documentando testemunhos e can\u00e7\u00f5es de outras mulheres m\u00fasicas da regi\u00e3o.<\/p>\n<p>O objetivo \u00e9 construir um relato em conjunto que se encontre atravessado pelas experi\u00eancias e viv\u00eancias atrav\u00e9s de tr\u00eas eixos fundamentais: a m\u00fasica, o g\u00eanero e o territ\u00f3rio.<\/p>\n<p>No primeiro cap\u00edtulo Majo Clutet entrevista e realiza uma colabora\u00e7\u00e3o musical com a cantora mexicana Elo Vit em sua casa localizada na Cidade do M\u00e9xico.<\/p>\n","protected":false},"excerpt":{"rendered":"<p>\u00abCantares: M\u00fasica(s), G\u00eanero(s) e Territ\u00f3rio(s)\u00bb \u00e9 uma s\u00e9rie de micro-document\u00e1rios que pretendem visibilizar e favorecer a coopera\u00e7\u00e3o entre mulheres m\u00fasicas latino-americanas, destacando as experi\u00eancias, obst\u00e1culos e reivindica\u00e7\u00f5es de seus protagonistas. O projeto se realiza no marco de uma viagem pela Am\u00e9rica Latina da cantora argentina Majo Clutet que se encontra documentando testemunhos e can\u00e7\u00f5es de [&hellip;]<\/p>\n","protected":false},"author":1,"featured_media":12574,"comment_status":"closed","ping_status":"closed","sticky":false,"template":"","format":"standard","meta":{"footnotes":""},"categories":[218],"tags":[],"class_list":["post-12576","post","type-post","status-publish","format-standard","has-post-thumbnail","hentry","category-noticias-generales-pt"],"lang":"pt","translations":{"pt":12576,"es":12573},"pll_sync_post":[],"post_mailing_queue_ids":[],"_links":{"self":[{"href":"http:\/\/staging.ibermusicas.org\/index.php\/wp-json\/wp\/v2\/posts\/12576","targetHints":{"allow":["GET"]}}],"collection":[{"href":"http:\/\/staging.ibermusicas.org\/index.php\/wp-json\/wp\/v2\/posts"}],"about":[{"href":"http:\/\/staging.ibermusicas.org\/index.php\/wp-json\/wp\/v2\/types\/post"}],"author":[{"embeddable":true,"href":"http:\/\/staging.ibermusicas.org\/index.php\/wp-json\/wp\/v2\/users\/1"}],"replies":[{"embeddable":true,"href":"http:\/\/staging.ibermusicas.org\/index.php\/wp-json\/wp\/v2\/comments?post=12576"}],"version-history":[{"count":1,"href":"http:\/\/staging.ibermusicas.org\/index.php\/wp-json\/wp\/v2\/posts\/12576\/revisions"}],"predecessor-version":[{"id":12577,"href":"http:\/\/staging.ibermusicas.org\/index.php\/wp-json\/wp\/v2\/posts\/12576\/revisions\/12577"}],"wp:featuredmedia":[{"embeddable":true,"href":"http:\/\/staging.ibermusicas.org\/index.php\/wp-json\/wp\/v2\/media\/12574"}],"wp:attachment":[{"href":"http:\/\/staging.ibermusicas.org\/index.php\/wp-json\/wp\/v2\/media?parent=12576"}],"wp:term":[{"taxonomy":"category","embeddable":true,"href":"http:\/\/staging.ibermusicas.org\/index.php\/wp-json\/wp\/v2\/categories?post=12576"},{"taxonomy":"post_tag","embeddable":true,"href":"http:\/\/staging.ibermusicas.org\/index.php\/wp-json\/wp\/v2\/tags?post=12576"}],"curies":[{"name":"wp","href":"https:\/\/api.w.org\/{rel}","templated":true}]}}