{"id":12578,"date":"2022-07-15T20:33:52","date_gmt":"2022-07-15T20:33:52","guid":{"rendered":"http:\/\/staging.ibermusicas.org\/?p=12578"},"modified":"2022-07-15T20:33:52","modified_gmt":"2022-07-15T20:33:52","slug":"el-musico-peruano-juan-luis-pereyra-viajara-a-chile-para-brindar-una-serie-de-talleres-sobre-musicalizacion-poetica-latinoamericana","status":"publish","type":"post","link":"http:\/\/staging.ibermusicas.org\/index.php\/el-musico-peruano-juan-luis-pereyra-viajara-a-chile-para-brindar-una-serie-de-talleres-sobre-musicalizacion-poetica-latinoamericana\/","title":{"rendered":"El m\u00fasico peruano Juan Luis Pereyra viajar\u00e1 a Chile para brindar una serie de talleres sobre musicalizaci\u00f3n po\u00e9tica latinoamericana"},"content":{"rendered":"<p>Por primera vez, Juan Luis Pereyra, director de la agrupaci\u00f3n peruana El Polen, una de las bandas de rock m\u00e1s emblem\u00e1ticas de Am\u00e9rica Latina, presentar\u00e1 en Chile el taller denominado: El Polen: taller de musicalizaci\u00f3n po\u00e9tica latinoamericana.<\/p>\n<p>Este taller es una propuesta original, did\u00e1ctica, accesible y recreativa en el cual, en base a distintas propuestas de m\u00fasicas tradicionales, los asistentes podr\u00e1n crear, promover y difundir una propuesta de musicalizaci\u00f3n po\u00e9tica de autor latinoamericano. Esta actividad se presenta como un proyecto de formaci\u00f3n que tiene por finalidad que los participantes puedan crear su propio proyecto de musicalizaci\u00f3n po\u00e9tica y explorar, en esta edici\u00f3n, sobre la obra de distintos poetas latinoamericanos y diferentes t\u00e9cnicas de composici\u00f3n musical.<\/p>\n<p>El Polen, leyenda de la m\u00fasica peruana, fue fundado por los hermanos Juan Luis y Ra\u00fal Pereira en 1969. Adem\u00e1s de musicalizar poemas de importantes poetas latinoamericanos; algunas de esas piezas han sido grabadas y\/o interpretadas por otros artistas como Susana Baca (Per\u00fa) y Duratierra+Awada (Argentina), entre otros.<\/p>\n<p>Este proyecto tiene una relevancia especial porque se realizar\u00e1 por primera vez en una importante instituci\u00f3n educativa de otro pa\u00eds como es la Universidad de Santiago de Chile (USACH) a trav\u00e9s de la Corporaci\u00f3n Cultural de la USACH; esta experiencia servir\u00e1 para seguir enlazando importantes v\u00ednculos musicales que se han gestado desde d\u00e9cadas atr\u00e1s entre El Polen y el hermano pa\u00eds del sur.<\/p>\n<p>Del 18 al 25 de julio<\/p>\n","protected":false},"excerpt":{"rendered":"<p>Por primera vez, Juan Luis Pereyra, director de la agrupaci\u00f3n peruana El Polen, una de las bandas de rock m\u00e1s emblem\u00e1ticas de Am\u00e9rica Latina, presentar\u00e1 en Chile el taller denominado: El Polen: taller de musicalizaci\u00f3n po\u00e9tica latinoamericana. Este taller es una propuesta original, did\u00e1ctica, accesible y recreativa en el cual, en base a distintas propuestas [&hellip;]<\/p>\n","protected":false},"author":1,"featured_media":12579,"comment_status":"closed","ping_status":"closed","sticky":false,"template":"","format":"standard","meta":{"footnotes":""},"categories":[53],"tags":[],"class_list":["post-12578","post","type-post","status-publish","format-standard","has-post-thumbnail","hentry","category-noticias-generales"],"lang":"es","translations":{"es":12578,"pt":12581},"pll_sync_post":[],"post_mailing_queue_ids":[],"_links":{"self":[{"href":"http:\/\/staging.ibermusicas.org\/index.php\/wp-json\/wp\/v2\/posts\/12578","targetHints":{"allow":["GET"]}}],"collection":[{"href":"http:\/\/staging.ibermusicas.org\/index.php\/wp-json\/wp\/v2\/posts"}],"about":[{"href":"http:\/\/staging.ibermusicas.org\/index.php\/wp-json\/wp\/v2\/types\/post"}],"author":[{"embeddable":true,"href":"http:\/\/staging.ibermusicas.org\/index.php\/wp-json\/wp\/v2\/users\/1"}],"replies":[{"embeddable":true,"href":"http:\/\/staging.ibermusicas.org\/index.php\/wp-json\/wp\/v2\/comments?post=12578"}],"version-history":[{"count":1,"href":"http:\/\/staging.ibermusicas.org\/index.php\/wp-json\/wp\/v2\/posts\/12578\/revisions"}],"predecessor-version":[{"id":12580,"href":"http:\/\/staging.ibermusicas.org\/index.php\/wp-json\/wp\/v2\/posts\/12578\/revisions\/12580"}],"wp:featuredmedia":[{"embeddable":true,"href":"http:\/\/staging.ibermusicas.org\/index.php\/wp-json\/wp\/v2\/media\/12579"}],"wp:attachment":[{"href":"http:\/\/staging.ibermusicas.org\/index.php\/wp-json\/wp\/v2\/media?parent=12578"}],"wp:term":[{"taxonomy":"category","embeddable":true,"href":"http:\/\/staging.ibermusicas.org\/index.php\/wp-json\/wp\/v2\/categories?post=12578"},{"taxonomy":"post_tag","embeddable":true,"href":"http:\/\/staging.ibermusicas.org\/index.php\/wp-json\/wp\/v2\/tags?post=12578"}],"curies":[{"name":"wp","href":"https:\/\/api.w.org\/{rel}","templated":true}]}}