{"id":12663,"date":"2022-07-29T17:44:53","date_gmt":"2022-07-29T17:44:53","guid":{"rendered":"http:\/\/staging.ibermusicas.org\/?p=12663"},"modified":"2022-08-30T18:30:30","modified_gmt":"2022-08-30T18:30:30","slug":"desde-portugal-chegam-as-oficinas-conecte-sua-voz-uma-semana-de-encontros-sobre-sociedade-audio-e-tecnologia","status":"publish","type":"post","link":"http:\/\/staging.ibermusicas.org\/index.php\/desde-portugal-chegam-as-oficinas-conecte-sua-voz-uma-semana-de-encontros-sobre-sociedade-audio-e-tecnologia\/","title":{"rendered":"Desde Portugal chegam \u00e0s oficinas \u201cConecte Sua Voz\u201d, uma semana de encontros sobre sociedade, \u00e1udio e tecnologia\u201d"},"content":{"rendered":"<p>O projeto \u201cAudio Para Cantores\u201d realizar\u00e1 as oficinas\u00a0 \u201cConecte Sua Voz: uma semana de encontros sobre a sociedade, \u00e1udio e tecnologia\u201d. Os convidados representam a diversidade da classe art\u00edstica e compartilhar\u00e3o experi\u00eancias e informa\u00e7\u00f5es importantes sobre o uso do \u00e1udio e da tecnologia. Ser\u00e3o tratados assuntos importantes como acessibilidade, democratiza\u00e7\u00e3o do acesso e mais.\u00a0 As exibi\u00e7\u00f5es ser\u00e3o ao vivo no canal de Youtube, sendo que os realizadores Isabella Bretz e Rodrigo Lana, assim como os convidados, estar\u00e3o no chat respondendo perguntas do p\u00fablico.<\/p>\n<p>&nbsp;<\/p>\n<p>Isabella Bretz \u00e9 cantora e compositora, produtora cultural e analista internacional que se dedica a costurar diferentes \u00e1reas em seus projetos. Com muitas influ\u00eancias estrangeiras, suas m\u00fasicas percorrem territ\u00f3rios folk \/ indie e s\u00e3o temperadas com sua brasilidade. \u00c9 cocriadora do \u201cSonora &#8211; Festival Internacional de Compositoras\u201d, fazendo parte da coordena\u00e7\u00e3o global. Isabella tem um apre\u00e7o particular pelo audiovisual, demonstrado por meio de projetos como o internacionalmente premiado \u201cPequenezas\u201d. Em 2019, Isabella e Rodrigo Lana lan\u00e7aram o livro \u201cConhecimentos de \u00c1udio Para Cantores\u201d, apresentando esse universo t\u00e9cnico em uma linguagem leve e acess\u00edvel. O livro deu origem ao \u201cAudio For Singers\u201d, que publica conte\u00fados educativos, realiza workshops e masterclasses.<\/p>\n<p>&nbsp;<\/p>\n<p>Rodrigo Lana \u00e9 pianista, produtor musical e engenheiro de \u00e1udio. Ganhador de v\u00e1rios pr\u00eamios, apresentou-se em v\u00e1rios pa\u00edses em formato solo e com banda. Criador e gestor de uma produtora musical, gravou, mixou e masterizou v\u00e1rios artistas, realizando tamb\u00e9m a sonoriza\u00e7\u00e3o de eventos. \u00c9 criador do canal Logic Pro Brasil e cocriador do Audio For Singers. Criou o curso \u201cMixe e Masterize Profissionalmente com Rodrigo Lana: aprenda a tomar as melhores decis\u00f5es\u201d, no qual compartilha toda sua experi\u00eancia na \u00e1rea de forma clara e did\u00e1tica.<\/p>\n<p>&nbsp;<\/p>\n<p>&nbsp;<\/p>\n<p>8 de agosto \u00e0s 18h do Brasil e 22h de Portugal.\u00a0 Produ\u00e7\u00e3o Musical para pessoas com defici\u00eancia visual e acessibilidade. Convidado: Luiz Ot\u00e1vio<\/p>\n<p>&nbsp;<\/p>\n<p>9 de agosto \u00e0s 18h do Brasil e 22h de Portugal.\u00a0 A tecnologia usada no arranjo, produ\u00e7\u00e3o e performance. Convidada: Bia Nogueira<\/p>\n<p>&nbsp;<\/p>\n<p>10 de agosto \u00e0s 18h do Brasil e 22h de Portugal.\u00a0 Produ\u00e7\u00e3o musical na \u00e1rea rural e no interior: desafios e possibilidades. Convidada: Sol Bueno<\/p>\n<p>&nbsp;<\/p>\n<p>11 de agosto \u00e0s 18h do Brasil e 22h de Portugal. Engenharia de \u00e1udio para pessoas com defici\u00eancia visual e acessibilidade. Convidado: Edson Pierini<\/p>\n<p>&nbsp;<\/p>\n<p>12 de agosto 18h do Brasil e 22h de Portugal. O impacto do estudo de \u00e1udio na carreira do artista. Convidada: Paula Oliveira<\/p>\n<p>&nbsp;<\/p>\n<p>transmiss\u00f5es: <a href=\"https:\/\/www.youtube.com\/c\/AudioForSingers\">https:\/\/www.youtube.com\/c\/AudioForSingers<\/a><\/p>\n<p>&nbsp;<\/p>\n<p>&nbsp;<\/p>\n","protected":false},"excerpt":{"rendered":"<p>O projeto \u201cAudio Para Cantores\u201d realizar\u00e1 as oficinas\u00a0 \u201cConecte Sua Voz: uma semana de encontros sobre a sociedade, \u00e1udio e tecnologia\u201d. Os convidados representam a diversidade da classe art\u00edstica e compartilhar\u00e3o experi\u00eancias e informa\u00e7\u00f5es importantes sobre o uso do \u00e1udio e da tecnologia. Ser\u00e3o tratados assuntos importantes como acessibilidade, democratiza\u00e7\u00e3o do acesso e mais.\u00a0 As [&hellip;]<\/p>\n","protected":false},"author":1,"featured_media":12661,"comment_status":"closed","ping_status":"closed","sticky":false,"template":"","format":"standard","meta":{"footnotes":""},"categories":[218],"tags":[],"class_list":["post-12663","post","type-post","status-publish","format-standard","has-post-thumbnail","hentry","category-noticias-generales-pt"],"lang":"pt","translations":{"pt":12663,"es":12660},"pll_sync_post":[],"post_mailing_queue_ids":[],"_links":{"self":[{"href":"http:\/\/staging.ibermusicas.org\/index.php\/wp-json\/wp\/v2\/posts\/12663","targetHints":{"allow":["GET"]}}],"collection":[{"href":"http:\/\/staging.ibermusicas.org\/index.php\/wp-json\/wp\/v2\/posts"}],"about":[{"href":"http:\/\/staging.ibermusicas.org\/index.php\/wp-json\/wp\/v2\/types\/post"}],"author":[{"embeddable":true,"href":"http:\/\/staging.ibermusicas.org\/index.php\/wp-json\/wp\/v2\/users\/1"}],"replies":[{"embeddable":true,"href":"http:\/\/staging.ibermusicas.org\/index.php\/wp-json\/wp\/v2\/comments?post=12663"}],"version-history":[{"count":1,"href":"http:\/\/staging.ibermusicas.org\/index.php\/wp-json\/wp\/v2\/posts\/12663\/revisions"}],"predecessor-version":[{"id":12664,"href":"http:\/\/staging.ibermusicas.org\/index.php\/wp-json\/wp\/v2\/posts\/12663\/revisions\/12664"}],"wp:featuredmedia":[{"embeddable":true,"href":"http:\/\/staging.ibermusicas.org\/index.php\/wp-json\/wp\/v2\/media\/12661"}],"wp:attachment":[{"href":"http:\/\/staging.ibermusicas.org\/index.php\/wp-json\/wp\/v2\/media?parent=12663"}],"wp:term":[{"taxonomy":"category","embeddable":true,"href":"http:\/\/staging.ibermusicas.org\/index.php\/wp-json\/wp\/v2\/categories?post=12663"},{"taxonomy":"post_tag","embeddable":true,"href":"http:\/\/staging.ibermusicas.org\/index.php\/wp-json\/wp\/v2\/tags?post=12663"}],"curies":[{"name":"wp","href":"https:\/\/api.w.org\/{rel}","templated":true}]}}