{"id":12665,"date":"2022-07-29T17:47:07","date_gmt":"2022-07-29T17:47:07","guid":{"rendered":"http:\/\/staging.ibermusicas.org\/?p=12665"},"modified":"2022-08-30T18:27:19","modified_gmt":"2022-08-30T18:27:19","slug":"se-realizara-en-chile-el-x-encuentro-internacional-de-compositores","status":"publish","type":"post","link":"http:\/\/staging.ibermusicas.org\/index.php\/se-realizara-en-chile-el-x-encuentro-internacional-de-compositores\/","title":{"rendered":"Se realizar\u00e1 en Chile el X Encuentro Internacional de Compositores"},"content":{"rendered":"<p>El encuentro contar\u00e1 con la presencia de las compositoras Natalia Solomonoff (Argentina) y Helga Arias (Espa\u00f1a\/Suiza) quienes realizar\u00e1n talleres de composici\u00f3n y conferencias, adem\u00e1s de participar en un concierto, una mesa redonda, y otras actividades en torno a su propia m\u00fasica como a la de j\u00f3venes compositoras y compositores.<\/p>\n<p>&nbsp;<\/p>\n<p>La compositora argentina Natalia Solomonoff inici\u00f3 sus estudios de composici\u00f3n en Rosario con Diana Rud y Jorge Horst. Estudi\u00f3 en el Instituto Nacional del Profesorado de M\u00fasica de Rosario y en el Instituto Superior de M\u00fasica de la Universidad Nacional del Litoral. Asisti\u00f3 a seminarios de an\u00e1lisis y composici\u00f3n a cargo de Mariano Etkin y Gerardo Gandini. Particip\u00f3 del Curso anual de T\u00e9cnicas contempor\u00e1neas de composici\u00f3n a cargo de Gerardo Gandini, Francisco Kr\u00f6pfl y Julio Viera (entre otros docentes) como becaria de la Fundaci\u00f3n Antorchas. Continu\u00f3 su formaci\u00f3n con Nicolaus A. Huber en la Folkwang-Hochschule Essen. Asisti\u00f3 a seminarios de composici\u00f3n y an\u00e1lisis con Mathias Spahlinger en el Institut f\u00fcr Neue Musik Freiburg, en ambas ocasiones como becaria del Deutscher Akademischer Austauschdienst (DAAD). Considera como referentes esenciales en su formaci\u00f3n a Nicolaus A. Huber, Graciela Paraskeva\u00eddis, Cori\u00fan Aharoni\u00e1n y Cergio Prudencio. Sus principales focos de inter\u00e9s se concentran en la relaci\u00f3n entre m\u00fasica y pol\u00edtica, procesos creativos y de aprendizaje en la composici\u00f3n, pensamiento y creaci\u00f3n musical en Latinoam\u00e9rica. Su m\u00fasica ha sido interpretada en Alemania, Suiza, Inglaterra, Espa\u00f1a, Canad\u00e1, M\u00e9xico, U.S.A., Colombia, Bolivia, Uruguay, Chile, Brasil, Per\u00fa y Argentina.<\/p>\n<p>&nbsp;<\/p>\n<p>Del lunes 1ero al jueves 4 de agosto en el Instituto de M\u00fasica de la Pontificia Universidad Cat\u00f3lica (IMUC), el Departamento de M\u00fasica de la Universidad Metropolitana de Ciencias de la Educaci\u00f3n (UMCE), y el Centro Nacional de Arte Contempor\u00e1neo Cerrillos<\/p>\n","protected":false},"excerpt":{"rendered":"<p>El encuentro contar\u00e1 con la presencia de las compositoras Natalia Solomonoff (Argentina) y Helga Arias (Espa\u00f1a\/Suiza) quienes realizar\u00e1n talleres de composici\u00f3n y conferencias, adem\u00e1s de participar en un concierto, una mesa redonda, y otras actividades en torno a su propia m\u00fasica como a la de j\u00f3venes compositoras y compositores. &nbsp; La compositora argentina Natalia Solomonoff [&hellip;]<\/p>\n","protected":false},"author":1,"featured_media":12666,"comment_status":"closed","ping_status":"closed","sticky":false,"template":"","format":"standard","meta":{"footnotes":""},"categories":[53],"tags":[],"class_list":["post-12665","post","type-post","status-publish","format-standard","has-post-thumbnail","hentry","category-noticias-generales"],"lang":"es","translations":{"es":12665,"pt":12668},"pll_sync_post":[],"post_mailing_queue_ids":[],"_links":{"self":[{"href":"http:\/\/staging.ibermusicas.org\/index.php\/wp-json\/wp\/v2\/posts\/12665","targetHints":{"allow":["GET"]}}],"collection":[{"href":"http:\/\/staging.ibermusicas.org\/index.php\/wp-json\/wp\/v2\/posts"}],"about":[{"href":"http:\/\/staging.ibermusicas.org\/index.php\/wp-json\/wp\/v2\/types\/post"}],"author":[{"embeddable":true,"href":"http:\/\/staging.ibermusicas.org\/index.php\/wp-json\/wp\/v2\/users\/1"}],"replies":[{"embeddable":true,"href":"http:\/\/staging.ibermusicas.org\/index.php\/wp-json\/wp\/v2\/comments?post=12665"}],"version-history":[{"count":1,"href":"http:\/\/staging.ibermusicas.org\/index.php\/wp-json\/wp\/v2\/posts\/12665\/revisions"}],"predecessor-version":[{"id":12667,"href":"http:\/\/staging.ibermusicas.org\/index.php\/wp-json\/wp\/v2\/posts\/12665\/revisions\/12667"}],"wp:featuredmedia":[{"embeddable":true,"href":"http:\/\/staging.ibermusicas.org\/index.php\/wp-json\/wp\/v2\/media\/12666"}],"wp:attachment":[{"href":"http:\/\/staging.ibermusicas.org\/index.php\/wp-json\/wp\/v2\/media?parent=12665"}],"wp:term":[{"taxonomy":"category","embeddable":true,"href":"http:\/\/staging.ibermusicas.org\/index.php\/wp-json\/wp\/v2\/categories?post=12665"},{"taxonomy":"post_tag","embeddable":true,"href":"http:\/\/staging.ibermusicas.org\/index.php\/wp-json\/wp\/v2\/tags?post=12665"}],"curies":[{"name":"wp","href":"https:\/\/api.w.org\/{rel}","templated":true}]}}