{"id":12675,"date":"2022-07-29T18:00:27","date_gmt":"2022-07-29T18:00:27","guid":{"rendered":"http:\/\/staging.ibermusicas.org\/?p=12675"},"modified":"2022-07-29T18:00:27","modified_gmt":"2022-07-29T18:00:27","slug":"tera-lugar-uma-nova-edicao-do-trombonanza-o-encontro-de-trombonistas-eufonistas-e-tubistas-de-santa-fe-argentina","status":"publish","type":"post","link":"http:\/\/staging.ibermusicas.org\/index.php\/tera-lugar-uma-nova-edicao-do-trombonanza-o-encontro-de-trombonistas-eufonistas-e-tubistas-de-santa-fe-argentina\/","title":{"rendered":"Ter\u00e1 lugar uma nova edi\u00e7\u00e3o do Trombonanza!, o encontro de trombonistas, eufonistas e tubistas de Santa F\u00e9, Argentina"},"content":{"rendered":"<p>De 1 a 6 de Agosto, Trombonanza est\u00e1 de volta! Este Festival Provincial, que se realiza em Santa F\u00e9 h\u00e1 mais de 20 anos, reunir\u00e1 nesta 21\u00aa edi\u00e7\u00e3o os expoentes mais importantes do trombone, euphonium e tuba de todo o mundo. Haver\u00e1 concertos nos principais palcos da cidade com entrada gratuita para que possam ser apreciados pelos cidad\u00e3os da Capital do Trombone. Estar\u00e3o presentes professores da Europa, EUA, M\u00e9xico, Paraguai, Col\u00f4mbia e Argentina, assim como participantes de quase todo o continente americano.<\/p>\n<p>&nbsp;<\/p>\n<p>Haver\u00e1 master classes de afina\u00e7\u00e3o, equil\u00edbrio, som, repert\u00f3rio, improvisa\u00e7\u00e3o, assim como ensaios de grupo, concertos e recitais de m\u00fasica de c\u00e2mara, solista e orquestra de c\u00e2mara, solista e banda sinf\u00f3nica, solista e harpa, octeto de trombones, solista e orquestra sinf\u00f3nica, quinteto de jazz e jazz latino, solista e big band, nos principais teatros, audit\u00f3rios e centros culturais da cidade de Santa F\u00e9.<\/p>\n<p>&nbsp;<\/p>\n<p>De 1 a 6 de Agosto na Escuela de M\u00fasica n\u00ba9901, ATE Casa Espa\u00f1a, Centro Cultural Provincial, Teatro Municipal, Paraninfo UNL, Cidade de Santa Fe, Prov\u00edncia de Santa Fe, Argentina.<\/p>\n","protected":false},"excerpt":{"rendered":"<p>De 1 a 6 de Agosto, Trombonanza est\u00e1 de volta! Este Festival Provincial, que se realiza em Santa F\u00e9 h\u00e1 mais de 20 anos, reunir\u00e1 nesta 21\u00aa edi\u00e7\u00e3o os expoentes mais importantes do trombone, euphonium e tuba de todo o mundo. Haver\u00e1 concertos nos principais palcos da cidade com entrada gratuita para que possam ser [&hellip;]<\/p>\n","protected":false},"author":1,"featured_media":12673,"comment_status":"closed","ping_status":"closed","sticky":false,"template":"","format":"standard","meta":{"footnotes":""},"categories":[218],"tags":[],"class_list":["post-12675","post","type-post","status-publish","format-standard","has-post-thumbnail","hentry","category-noticias-generales-pt"],"lang":"pt","translations":{"pt":12675,"es":12671},"pll_sync_post":[],"post_mailing_queue_ids":[],"_links":{"self":[{"href":"http:\/\/staging.ibermusicas.org\/index.php\/wp-json\/wp\/v2\/posts\/12675","targetHints":{"allow":["GET"]}}],"collection":[{"href":"http:\/\/staging.ibermusicas.org\/index.php\/wp-json\/wp\/v2\/posts"}],"about":[{"href":"http:\/\/staging.ibermusicas.org\/index.php\/wp-json\/wp\/v2\/types\/post"}],"author":[{"embeddable":true,"href":"http:\/\/staging.ibermusicas.org\/index.php\/wp-json\/wp\/v2\/users\/1"}],"replies":[{"embeddable":true,"href":"http:\/\/staging.ibermusicas.org\/index.php\/wp-json\/wp\/v2\/comments?post=12675"}],"version-history":[{"count":1,"href":"http:\/\/staging.ibermusicas.org\/index.php\/wp-json\/wp\/v2\/posts\/12675\/revisions"}],"predecessor-version":[{"id":12676,"href":"http:\/\/staging.ibermusicas.org\/index.php\/wp-json\/wp\/v2\/posts\/12675\/revisions\/12676"}],"wp:featuredmedia":[{"embeddable":true,"href":"http:\/\/staging.ibermusicas.org\/index.php\/wp-json\/wp\/v2\/media\/12673"}],"wp:attachment":[{"href":"http:\/\/staging.ibermusicas.org\/index.php\/wp-json\/wp\/v2\/media?parent=12675"}],"wp:term":[{"taxonomy":"category","embeddable":true,"href":"http:\/\/staging.ibermusicas.org\/index.php\/wp-json\/wp\/v2\/categories?post=12675"},{"taxonomy":"post_tag","embeddable":true,"href":"http:\/\/staging.ibermusicas.org\/index.php\/wp-json\/wp\/v2\/tags?post=12675"}],"curies":[{"name":"wp","href":"https:\/\/api.w.org\/{rel}","templated":true}]}}