{"id":12682,"date":"2022-07-29T18:07:45","date_gmt":"2022-07-29T18:07:45","guid":{"rendered":"http:\/\/staging.ibermusicas.org\/?p=12682"},"modified":"2022-07-29T18:07:45","modified_gmt":"2022-07-29T18:07:45","slug":"desde-argentina-llega-un-adelanto-del-homenaje-a-mercedes-sosa","status":"publish","type":"post","link":"http:\/\/staging.ibermusicas.org\/index.php\/desde-argentina-llega-un-adelanto-del-homenaje-a-mercedes-sosa\/","title":{"rendered":"Desde Argentina llega un adelanto del \u201cHomenaje a Mercedes Sosa\u201d"},"content":{"rendered":"<p>\u201cHomenaje a Mercedes Sosa\u201d es un proyecto que involucra a m\u00fasicos de Portugal, M\u00e9xico y Argentina que ser\u00e1 presentado de modo virtual en el mes de diciembre. Algunos de los artistas que son parte del proyecto se encontrar\u00e1n en Buenos Aires para presentarse en la Fundaci\u00f3n Mercedes Sosa para la Cultura.<\/p>\n<p>&nbsp;<\/p>\n<p>La cantante mexicana Claudia Cota G\u00e1mez brindar\u00e1 un adelanto de lo que ser\u00e1 este proyecto que rinde homenaje a una de las artistas musicales m\u00e1s importantes de Sudam\u00e9rica quien no en vano fue bautizada como \u201cLa voz de Am\u00e9rica\u201d. La cantante argentina Mercedes Sosa, fue una artista \u00fanica que con su incansable trabajo llev\u00f3 la m\u00fasica argentina y sudamericana a los escenarios m\u00e1s importantes del mundo.<\/p>\n<p>&nbsp;<\/p>\n<p>Lunes 4 de agosto 21 hs. Fundaci\u00f3n Mercedes Sosa para la Cultura, Humberto Primo 378, San Telmo, Buenos Aires, Argentina<\/p>\n","protected":false},"excerpt":{"rendered":"<p>\u201cHomenaje a Mercedes Sosa\u201d es un proyecto que involucra a m\u00fasicos de Portugal, M\u00e9xico y Argentina que ser\u00e1 presentado de modo virtual en el mes de diciembre. Algunos de los artistas que son parte del proyecto se encontrar\u00e1n en Buenos Aires para presentarse en la Fundaci\u00f3n Mercedes Sosa para la Cultura. &nbsp; La cantante mexicana [&hellip;]<\/p>\n","protected":false},"author":1,"featured_media":12683,"comment_status":"closed","ping_status":"closed","sticky":false,"template":"","format":"standard","meta":{"footnotes":""},"categories":[53],"tags":[],"class_list":["post-12682","post","type-post","status-publish","format-standard","has-post-thumbnail","hentry","category-noticias-generales"],"lang":"es","translations":{"es":12682,"pt":12685},"pll_sync_post":[],"post_mailing_queue_ids":[],"_links":{"self":[{"href":"http:\/\/staging.ibermusicas.org\/index.php\/wp-json\/wp\/v2\/posts\/12682","targetHints":{"allow":["GET"]}}],"collection":[{"href":"http:\/\/staging.ibermusicas.org\/index.php\/wp-json\/wp\/v2\/posts"}],"about":[{"href":"http:\/\/staging.ibermusicas.org\/index.php\/wp-json\/wp\/v2\/types\/post"}],"author":[{"embeddable":true,"href":"http:\/\/staging.ibermusicas.org\/index.php\/wp-json\/wp\/v2\/users\/1"}],"replies":[{"embeddable":true,"href":"http:\/\/staging.ibermusicas.org\/index.php\/wp-json\/wp\/v2\/comments?post=12682"}],"version-history":[{"count":1,"href":"http:\/\/staging.ibermusicas.org\/index.php\/wp-json\/wp\/v2\/posts\/12682\/revisions"}],"predecessor-version":[{"id":12684,"href":"http:\/\/staging.ibermusicas.org\/index.php\/wp-json\/wp\/v2\/posts\/12682\/revisions\/12684"}],"wp:featuredmedia":[{"embeddable":true,"href":"http:\/\/staging.ibermusicas.org\/index.php\/wp-json\/wp\/v2\/media\/12683"}],"wp:attachment":[{"href":"http:\/\/staging.ibermusicas.org\/index.php\/wp-json\/wp\/v2\/media?parent=12682"}],"wp:term":[{"taxonomy":"category","embeddable":true,"href":"http:\/\/staging.ibermusicas.org\/index.php\/wp-json\/wp\/v2\/categories?post=12682"},{"taxonomy":"post_tag","embeddable":true,"href":"http:\/\/staging.ibermusicas.org\/index.php\/wp-json\/wp\/v2\/tags?post=12682"}],"curies":[{"name":"wp","href":"https:\/\/api.w.org\/{rel}","templated":true}]}}