{"id":12685,"date":"2022-07-29T18:10:32","date_gmt":"2022-07-29T18:10:32","guid":{"rendered":"http:\/\/staging.ibermusicas.org\/?p=12685"},"modified":"2022-07-29T18:10:32","modified_gmt":"2022-07-29T18:10:32","slug":"da-argentina-vem-uma-previa-de-tributo-a-mercedes-sosa","status":"publish","type":"post","link":"http:\/\/staging.ibermusicas.org\/index.php\/da-argentina-vem-uma-previa-de-tributo-a-mercedes-sosa\/","title":{"rendered":"Da Argentina vem uma pr\u00e9via de \u00abTributo \u00e0 Mercedes Sosa\u00bb"},"content":{"rendered":"<p>\u00abTributo \u00e0 Mercedes Sosa\u00bb \u00e9 um projeto que envolve m\u00fasicos de Portugal, M\u00e9xico e Argentina que ser\u00e1 apresentado virtualmente em Dezembro. Alguns dos artistas que fazem parte do projeto estar\u00e3o em Buenos Aires para atuar na Funda\u00e7\u00e3o Mercedes Sosa para a Cultura.<\/p>\n<p>&nbsp;<\/p>\n<p>A cantora mexicana Claudia Cota G\u00e1mez far\u00e1 uma pr\u00e9via do projeto, que presta homenagem a uma das artistas musicais mais importantes da Am\u00e9rica do Sul, que n\u00e3o foi em v\u00e3o chamada \u00abA Voz da Am\u00e9rica\u00bb. A cantora argentina Mercedes Sosa foi uma artista \u00fanica cujo trabalho incans\u00e1vel levou a m\u00fasica argentina e sul-americana aos palcos mais importantes do mundo.<\/p>\n<p>&nbsp;<\/p>\n<p>Segunda-feira 4 de Agosto 9 p.m. Funda\u00e7\u00e3o Mercedes Sosa para a Cultura, Humberto Primo 378, San Telmo, Buenos Aires, Argentina.<\/p>\n","protected":false},"excerpt":{"rendered":"<p>\u00abTributo \u00e0 Mercedes Sosa\u00bb \u00e9 um projeto que envolve m\u00fasicos de Portugal, M\u00e9xico e Argentina que ser\u00e1 apresentado virtualmente em Dezembro. Alguns dos artistas que fazem parte do projeto estar\u00e3o em Buenos Aires para atuar na Funda\u00e7\u00e3o Mercedes Sosa para a Cultura. &nbsp; A cantora mexicana Claudia Cota G\u00e1mez far\u00e1 uma pr\u00e9via do projeto, que [&hellip;]<\/p>\n","protected":false},"author":1,"featured_media":12683,"comment_status":"closed","ping_status":"closed","sticky":false,"template":"","format":"standard","meta":{"footnotes":""},"categories":[218],"tags":[],"class_list":["post-12685","post","type-post","status-publish","format-standard","has-post-thumbnail","hentry","category-noticias-generales-pt"],"lang":"pt","translations":{"pt":12685,"es":12682},"pll_sync_post":[],"post_mailing_queue_ids":[],"_links":{"self":[{"href":"http:\/\/staging.ibermusicas.org\/index.php\/wp-json\/wp\/v2\/posts\/12685","targetHints":{"allow":["GET"]}}],"collection":[{"href":"http:\/\/staging.ibermusicas.org\/index.php\/wp-json\/wp\/v2\/posts"}],"about":[{"href":"http:\/\/staging.ibermusicas.org\/index.php\/wp-json\/wp\/v2\/types\/post"}],"author":[{"embeddable":true,"href":"http:\/\/staging.ibermusicas.org\/index.php\/wp-json\/wp\/v2\/users\/1"}],"replies":[{"embeddable":true,"href":"http:\/\/staging.ibermusicas.org\/index.php\/wp-json\/wp\/v2\/comments?post=12685"}],"version-history":[{"count":1,"href":"http:\/\/staging.ibermusicas.org\/index.php\/wp-json\/wp\/v2\/posts\/12685\/revisions"}],"predecessor-version":[{"id":12686,"href":"http:\/\/staging.ibermusicas.org\/index.php\/wp-json\/wp\/v2\/posts\/12685\/revisions\/12686"}],"wp:featuredmedia":[{"embeddable":true,"href":"http:\/\/staging.ibermusicas.org\/index.php\/wp-json\/wp\/v2\/media\/12683"}],"wp:attachment":[{"href":"http:\/\/staging.ibermusicas.org\/index.php\/wp-json\/wp\/v2\/media?parent=12685"}],"wp:term":[{"taxonomy":"category","embeddable":true,"href":"http:\/\/staging.ibermusicas.org\/index.php\/wp-json\/wp\/v2\/categories?post=12685"},{"taxonomy":"post_tag","embeddable":true,"href":"http:\/\/staging.ibermusicas.org\/index.php\/wp-json\/wp\/v2\/tags?post=12685"}],"curies":[{"name":"wp","href":"https:\/\/api.w.org\/{rel}","templated":true}]}}