{"id":12695,"date":"2022-07-29T18:20:59","date_gmt":"2022-07-29T18:20:59","guid":{"rendered":"http:\/\/staging.ibermusicas.org\/?p=12695"},"modified":"2022-08-30T18:29:58","modified_gmt":"2022-08-30T18:29:58","slug":"a-rede-de-musica-feminina-colectiva-tsunami-do-mexico-apresenta-a-sua-primeira-producao-discografica","status":"publish","type":"post","link":"http:\/\/staging.ibermusicas.org\/index.php\/a-rede-de-musica-feminina-colectiva-tsunami-do-mexico-apresenta-a-sua-primeira-producao-discografica\/","title":{"rendered":"A rede de m\u00fasica feminina Colectiva Tsunami do M\u00e9xico apresenta a sua primeira produ\u00e7\u00e3o discogr\u00e1fica"},"content":{"rendered":"<p>O Colectivo Tsunami em colabora\u00e7\u00e3o com a Jefatura de M\u00fasica e o FEFCA Trust da Secretar\u00eda de Cultura de Jalisco apela a que as actividades do segundo Encontro Tsunami se realizem na cidade de Guadalajara, Jalisco, M\u00e9xico, de 1-5 de Agosto de 2022. Este ano, o Encontro incluir\u00e1 um concerto, uma conversa e um convite aberto a mulheres instrumentistas e cantoras para formarem um conjunto musical.<\/p>\n<p>&nbsp;<\/p>\n<p>O Colectivo Tsunami \u00e9 uma rede de mulheres m\u00fasicas mexicanas que vivem em diferentes partes do pa\u00eds e realizam actividades com uma perspectiva de g\u00eanero no campo da m\u00fasica. Este projecto, que surgiu em 2020, nasceu da necessidade dos seus membros de gerar redes de coopera\u00e7\u00e3o e apoio em rela\u00e7\u00e3o ao seu contexto. Para al\u00e9m de tocarem a sua pr\u00f3pria m\u00fasica e a de outras compositoras, concentraram-se na documenta\u00e7\u00e3o, investiga\u00e7\u00e3o, divulga\u00e7\u00e3o e activismo em quest\u00f5es relacionadas com as mulheres na m\u00fasica e no feminismo.<\/p>\n<p>&nbsp;<\/p>\n<p>Em Agosto, apresentar\u00e3o a sua primeira produ\u00e7\u00e3o discogr\u00e1fica intitulada Tsunami Sonoro, que inclui novas m\u00fasicas de compositoras latino-americanas e pe\u00e7as do Colectivo Tsunami. As compositoras cuja m\u00fasica ser\u00e1 executada s\u00e3o: Macri C\u00e1ceres (Peru), Melissa Vargas e Ana Mar\u00eda Franco (Col\u00f4mbia), Valeria Romero (Argentina) e Valeria Rub\u00ed (M\u00e9xico). Al\u00e9m disso, a maestra cubana Ailyn Urquiza ser\u00e1 convidada a realizar duas pe\u00e7as durante o concerto, que contar\u00e1 com a participa\u00e7\u00e3o especial de mulheres instrumentistas e cantoras que constituir\u00e3o o Tsunami Ensemble, com cerca de 25 membros. Por outro lado, a Colectiva convocar\u00e1 uma conversa intitulada Redes sonoras entre mulheres, concebida como um espa\u00e7o de di\u00e1logo entre mulheres e grupos organizados em Guadalajara que questionam o sistema patriarcal atrav\u00e9s das suas pr\u00e1ticas sonoras e musicais.<\/p>\n<p>&nbsp;<\/p>\n<p>Segunda-feira, 1 de agosto, das 17:00 \u00e0s 19:00 hs. Conversatorio Redes Sonoras entre Mujeres no Sal\u00f3n de F\u00edsica del Edificio Arr\u00f3niz Zaragoza, 224, Centro, Guadalajara, Jalisco. Mais informa\u00e7\u00f5es e registo em: <a href=\"mailto:colectivatsunami@gmail.com\">colectivatsunami@gmail.com<\/a><\/p>\n<p>&nbsp;<\/p>\n<p>De 2 a 5 de agosto: Ensamble Tsunami Convite aberto \u00e0s mulheres instrumentistas e cantoras. Formul\u00e1rio de inscri\u00e7\u00e3o: <a href=\"https:\/\/bit.ly\/3B9QKm7\">https:\/\/bit.ly\/3B9QKm7<\/a><\/p>\n<p>&nbsp;<\/p>\n<p>5 de agosto 20:00 hs. Concerto de apresenta\u00e7\u00e3o do \u00e1lbum Tsunami Sonoro. Teatro Alarife Mart\u00edn Casillas Guadalajara, Jalisco, M\u00e9xico. Avenida Prolongaci\u00f3n Alcalde 1351, Guadalajara, Jalisco. Bilhetes em <a href=\"http:\/\/www.voyalteatro.com\">www.voyalteatro.com<\/a><\/p>\n","protected":false},"excerpt":{"rendered":"<p>O Colectivo Tsunami em colabora\u00e7\u00e3o com a Jefatura de M\u00fasica e o FEFCA Trust da Secretar\u00eda de Cultura de Jalisco apela a que as actividades do segundo Encontro Tsunami se realizem na cidade de Guadalajara, Jalisco, M\u00e9xico, de 1-5 de Agosto de 2022. Este ano, o Encontro incluir\u00e1 um concerto, uma conversa e um convite [&hellip;]<\/p>\n","protected":false},"author":1,"featured_media":12693,"comment_status":"closed","ping_status":"closed","sticky":false,"template":"","format":"standard","meta":{"footnotes":""},"categories":[218],"tags":[],"class_list":["post-12695","post","type-post","status-publish","format-standard","has-post-thumbnail","hentry","category-noticias-generales-pt"],"lang":"pt","translations":{"pt":12695,"es":12692},"pll_sync_post":[],"post_mailing_queue_ids":[],"_links":{"self":[{"href":"http:\/\/staging.ibermusicas.org\/index.php\/wp-json\/wp\/v2\/posts\/12695","targetHints":{"allow":["GET"]}}],"collection":[{"href":"http:\/\/staging.ibermusicas.org\/index.php\/wp-json\/wp\/v2\/posts"}],"about":[{"href":"http:\/\/staging.ibermusicas.org\/index.php\/wp-json\/wp\/v2\/types\/post"}],"author":[{"embeddable":true,"href":"http:\/\/staging.ibermusicas.org\/index.php\/wp-json\/wp\/v2\/users\/1"}],"replies":[{"embeddable":true,"href":"http:\/\/staging.ibermusicas.org\/index.php\/wp-json\/wp\/v2\/comments?post=12695"}],"version-history":[{"count":1,"href":"http:\/\/staging.ibermusicas.org\/index.php\/wp-json\/wp\/v2\/posts\/12695\/revisions"}],"predecessor-version":[{"id":12696,"href":"http:\/\/staging.ibermusicas.org\/index.php\/wp-json\/wp\/v2\/posts\/12695\/revisions\/12696"}],"wp:featuredmedia":[{"embeddable":true,"href":"http:\/\/staging.ibermusicas.org\/index.php\/wp-json\/wp\/v2\/media\/12693"}],"wp:attachment":[{"href":"http:\/\/staging.ibermusicas.org\/index.php\/wp-json\/wp\/v2\/media?parent=12695"}],"wp:term":[{"taxonomy":"category","embeddable":true,"href":"http:\/\/staging.ibermusicas.org\/index.php\/wp-json\/wp\/v2\/categories?post=12695"},{"taxonomy":"post_tag","embeddable":true,"href":"http:\/\/staging.ibermusicas.org\/index.php\/wp-json\/wp\/v2\/tags?post=12695"}],"curies":[{"name":"wp","href":"https:\/\/api.w.org\/{rel}","templated":true}]}}