{"id":12697,"date":"2022-07-29T18:37:37","date_gmt":"2022-07-29T18:37:37","guid":{"rendered":"http:\/\/staging.ibermusicas.org\/?p=12697"},"modified":"2022-08-30T18:26:26","modified_gmt":"2022-08-30T18:26:26","slug":"llegan-desde-chile-los-encuentros-cantos-de-trabajo-un-homenaje-a-los-oficios-humanos","status":"publish","type":"post","link":"http:\/\/staging.ibermusicas.org\/index.php\/llegan-desde-chile-los-encuentros-cantos-de-trabajo-un-homenaje-a-los-oficios-humanos\/","title":{"rendered":"Llegan desde Chile los encuentros \u201cCantos de Trabajo\u201d, un homenaje a los oficios humanos"},"content":{"rendered":"<p>Cantos de Trabajo es un homenaje a los oficios humanos. Se trata de 10 encuentros en formato online dedicados a compartir un repertorio especialmente elegido para la ocasi\u00f3n. Una revisi\u00f3n de ritmos, versos y melod\u00edas de la tradici\u00f3n oral que nos llevar\u00e1n a profundizar la musicalidad y el trasfondo antropol\u00f3gico de aquellos cantos que las clases trabajadores, de distintos rincones de Iberoam\u00e9rica, han cultivado a modo de noble acompa\u00f1amiento de sus oficios.<\/p>\n<p>&nbsp;<\/p>\n<p><em>\u00abSi no cantamos, no podr\u00edamos trabajar\u00bb<\/em>, dicen los testimonios. Carolina Chacana de Hemiola M\u00fasicas y Juan Carlos Ochoa del Taller de Bater\u00eda Latinoamericana llevan adelante esta hermosa propuesta.<\/p>\n<p>&nbsp;<\/p>\n<p><em>\u201cLa manera suave en la que cantan los llaneros al ganado en sus jornadas hace que los animales se queden quietos. Cuando se analizan las coplas de orde\u00f1o y de arreo, nos damos cuenta de que existe la armon\u00eda consonante y la armon\u00eda cl\u00e1sica que es la de las melod\u00edas que teje el llanero. El canto incluye el falsete y siempre termina en un tono grave para alentar al animal a quedar en paz. Es una forma de domesticaci\u00f3n del ganado en general y ayuda a mejorar la producci\u00f3n a la hora del orde\u00f1o\u201d<\/em> (Jim\u00e9nez Leal)<\/p>\n<p>&nbsp;<\/p>\n<p>&nbsp;<\/p>\n<p>S\u00e1bado 6 de agosto 10:00 hs. (hora de Chile)<\/p>\n<p>Contactos e inscripciones: <a href=\"mailto:hemiolamusicas@gmail.com\">hemiolamusicas@gmail.com<\/a><\/p>\n","protected":false},"excerpt":{"rendered":"<p>Cantos de Trabajo es un homenaje a los oficios humanos. Se trata de 10 encuentros en formato online dedicados a compartir un repertorio especialmente elegido para la ocasi\u00f3n. Una revisi\u00f3n de ritmos, versos y melod\u00edas de la tradici\u00f3n oral que nos llevar\u00e1n a profundizar la musicalidad y el trasfondo antropol\u00f3gico de aquellos cantos que las [&hellip;]<\/p>\n","protected":false},"author":1,"featured_media":12698,"comment_status":"closed","ping_status":"closed","sticky":false,"template":"","format":"standard","meta":{"footnotes":""},"categories":[53],"tags":[],"class_list":["post-12697","post","type-post","status-publish","format-standard","has-post-thumbnail","hentry","category-noticias-generales"],"lang":"es","translations":{"es":12697,"pt":12700},"pll_sync_post":[],"post_mailing_queue_ids":[],"_links":{"self":[{"href":"http:\/\/staging.ibermusicas.org\/index.php\/wp-json\/wp\/v2\/posts\/12697","targetHints":{"allow":["GET"]}}],"collection":[{"href":"http:\/\/staging.ibermusicas.org\/index.php\/wp-json\/wp\/v2\/posts"}],"about":[{"href":"http:\/\/staging.ibermusicas.org\/index.php\/wp-json\/wp\/v2\/types\/post"}],"author":[{"embeddable":true,"href":"http:\/\/staging.ibermusicas.org\/index.php\/wp-json\/wp\/v2\/users\/1"}],"replies":[{"embeddable":true,"href":"http:\/\/staging.ibermusicas.org\/index.php\/wp-json\/wp\/v2\/comments?post=12697"}],"version-history":[{"count":1,"href":"http:\/\/staging.ibermusicas.org\/index.php\/wp-json\/wp\/v2\/posts\/12697\/revisions"}],"predecessor-version":[{"id":12699,"href":"http:\/\/staging.ibermusicas.org\/index.php\/wp-json\/wp\/v2\/posts\/12697\/revisions\/12699"}],"wp:featuredmedia":[{"embeddable":true,"href":"http:\/\/staging.ibermusicas.org\/index.php\/wp-json\/wp\/v2\/media\/12698"}],"wp:attachment":[{"href":"http:\/\/staging.ibermusicas.org\/index.php\/wp-json\/wp\/v2\/media?parent=12697"}],"wp:term":[{"taxonomy":"category","embeddable":true,"href":"http:\/\/staging.ibermusicas.org\/index.php\/wp-json\/wp\/v2\/categories?post=12697"},{"taxonomy":"post_tag","embeddable":true,"href":"http:\/\/staging.ibermusicas.org\/index.php\/wp-json\/wp\/v2\/tags?post=12697"}],"curies":[{"name":"wp","href":"https:\/\/api.w.org\/{rel}","templated":true}]}}