{"id":12700,"date":"2022-07-29T18:39:26","date_gmt":"2022-07-29T18:39:26","guid":{"rendered":"http:\/\/staging.ibermusicas.org\/?p=12700"},"modified":"2022-08-30T18:29:51","modified_gmt":"2022-08-30T18:29:51","slug":"cantos-de-trabajo-um-tributo-musical-aos-oficios-humanos-chega-do-chile","status":"publish","type":"post","link":"http:\/\/staging.ibermusicas.org\/index.php\/cantos-de-trabajo-um-tributo-musical-aos-oficios-humanos-chega-do-chile\/","title":{"rendered":"\u201cCantos de Trabajo\u00bb, um tributo musical aos of\u00edcios humanos, chega do Chile"},"content":{"rendered":"<p>Cantos de Trabalho \u00e9 um tributo aos of\u00edcios humanos. Consiste em 10 encontros online dedicados \u00e0 partilha de um repert\u00f3rio especialmente escolhido para a ocasi\u00e3o. Uma revis\u00e3o de ritmos, versos e melodias da tradi\u00e7\u00e3o oral que nos levar\u00e1 a aprofundar a musicalidade e o fundo antropol\u00f3gico das can\u00e7\u00f5es que as classes trabalhadoras, de diferentes cantos da Ibero-Am\u00e9rica, cultivaram como um nobre acompanhamento aos seus of\u00edcios.<\/p>\n<p>&nbsp;<\/p>\n<p><em>\u00abSe n\u00e3o cant\u00e1ssemos, n\u00e3o conseguir\u00edamos trabalhar\u00bb<\/em>, dizem os testemunhos. Carolina Chacana da Hemiola M\u00fasicas e Juan Carlos Ochoa da Taller de Bater\u00eda Latinoamericana levam a cabo esta bela proposta.<\/p>\n<p>&nbsp;<\/p>\n<p><em>\u00abA forma suave como os llaneros cantam ao gado nas suas viagens faz com que os animais fiquem parados. Quando analisamos as can\u00e7\u00f5es de ordenha e pastoreio, apercebemo-nos de que existe harmonia consonante e harmonia cl\u00e1ssica, que \u00e9 a das melodias tecidas pelo llanero. O canto inclui falsetto e termina sempre num tom baixo para encorajar o animal a estar em paz. \u00c9 uma forma de domestica\u00e7\u00e3o do gado em geral e ajuda a melhorar a produ\u00e7\u00e3o na altura da ordenha\u00bb <\/em>(Jim\u00e9nez Leal).<\/p>\n<p>&nbsp;<\/p>\n<p>S\u00e1bado 6 de Agosto 10:00h (hora chilena)<\/p>\n<p>Contactos e registo: <a href=\"mailto:hemiolamusicas@gmail.com\">hemiolamusicas@gmail.com<\/a><\/p>\n","protected":false},"excerpt":{"rendered":"<p>Cantos de Trabalho \u00e9 um tributo aos of\u00edcios humanos. Consiste em 10 encontros online dedicados \u00e0 partilha de um repert\u00f3rio especialmente escolhido para a ocasi\u00e3o. Uma revis\u00e3o de ritmos, versos e melodias da tradi\u00e7\u00e3o oral que nos levar\u00e1 a aprofundar a musicalidade e o fundo antropol\u00f3gico das can\u00e7\u00f5es que as classes trabalhadoras, de diferentes cantos [&hellip;]<\/p>\n","protected":false},"author":1,"featured_media":12698,"comment_status":"closed","ping_status":"closed","sticky":false,"template":"","format":"standard","meta":{"footnotes":""},"categories":[218],"tags":[],"class_list":["post-12700","post","type-post","status-publish","format-standard","has-post-thumbnail","hentry","category-noticias-generales-pt"],"lang":"pt","translations":{"pt":12700,"es":12697},"pll_sync_post":[],"post_mailing_queue_ids":[],"_links":{"self":[{"href":"http:\/\/staging.ibermusicas.org\/index.php\/wp-json\/wp\/v2\/posts\/12700","targetHints":{"allow":["GET"]}}],"collection":[{"href":"http:\/\/staging.ibermusicas.org\/index.php\/wp-json\/wp\/v2\/posts"}],"about":[{"href":"http:\/\/staging.ibermusicas.org\/index.php\/wp-json\/wp\/v2\/types\/post"}],"author":[{"embeddable":true,"href":"http:\/\/staging.ibermusicas.org\/index.php\/wp-json\/wp\/v2\/users\/1"}],"replies":[{"embeddable":true,"href":"http:\/\/staging.ibermusicas.org\/index.php\/wp-json\/wp\/v2\/comments?post=12700"}],"version-history":[{"count":1,"href":"http:\/\/staging.ibermusicas.org\/index.php\/wp-json\/wp\/v2\/posts\/12700\/revisions"}],"predecessor-version":[{"id":12701,"href":"http:\/\/staging.ibermusicas.org\/index.php\/wp-json\/wp\/v2\/posts\/12700\/revisions\/12701"}],"wp:featuredmedia":[{"embeddable":true,"href":"http:\/\/staging.ibermusicas.org\/index.php\/wp-json\/wp\/v2\/media\/12698"}],"wp:attachment":[{"href":"http:\/\/staging.ibermusicas.org\/index.php\/wp-json\/wp\/v2\/media?parent=12700"}],"wp:term":[{"taxonomy":"category","embeddable":true,"href":"http:\/\/staging.ibermusicas.org\/index.php\/wp-json\/wp\/v2\/categories?post=12700"},{"taxonomy":"post_tag","embeddable":true,"href":"http:\/\/staging.ibermusicas.org\/index.php\/wp-json\/wp\/v2\/tags?post=12700"}],"curies":[{"name":"wp","href":"https:\/\/api.w.org\/{rel}","templated":true}]}}