{"id":12705,"date":"2022-07-29T18:44:28","date_gmt":"2022-07-29T18:44:28","guid":{"rendered":"http:\/\/staging.ibermusicas.org\/?p=12705"},"modified":"2022-07-29T18:44:28","modified_gmt":"2022-07-29T18:44:28","slug":"a-cantante-e-compositora-erika-machado-lanca-o-ep-com-o-resultado-de-seu-trabalho-criativo-feito-desde-sua-casa-em-portugal","status":"publish","type":"post","link":"http:\/\/staging.ibermusicas.org\/index.php\/a-cantante-e-compositora-erika-machado-lanca-o-ep-com-o-resultado-de-seu-trabalho-criativo-feito-desde-sua-casa-em-portugal\/","title":{"rendered":"A cantante e compositora \u00c9rika Machado lan\u00e7a o EP com o resultado de seu trabalho criativo feito desde sua casa em Portugal"},"content":{"rendered":"<p>Este projeto teve como objetivo a grava\u00e7\u00e3o de um EP composto e gravado entre fevereiro e abril de 2022 na pr\u00f3pria casa de \u00c9rika num processo compartilhado atrav\u00e9s do Instagram<\/p>\n<p>&nbsp;<\/p>\n<p>\u201cDevastei o meu jardim por voc\u00ea\u201d \u00e9 um \u00e1lbum de tr\u00eas can\u00e7\u00f5es que foram feitas ao longo desse processo e que ser\u00e3o lan\u00e7adas em formato digital nas melhores plataformas de streaming no dia 21 de agosto. Neste mesmo dia acontecer\u00e1 o show de lan\u00e7amento do \u00e1lbum \u00e0s 18 horas (de Portugal) no canal do Youtube de \u00c9rika, e logo ap\u00f3s o concerto ser\u00e1 postado o teledisco no mesmo canal e nas redes sociais (Facebook e Instagram). Devastei o meu jardim por voc\u00ea, Mandinga e Maria Joana s\u00e3o as tr\u00eas can\u00e7\u00f5es que comp\u00f5em o EP.<\/p>\n<p>&nbsp;<\/p>\n<p>Domingo 7 de agosto entre as 16 e as 18 horas, live no instagram @erika_machado<\/p>\n<p>&nbsp;<\/p>\n<p>Domingo 21 de agosto apresenta\u00e7\u00e3o final e \u00e1lbum dispon\u00edvel nas platafomas, lan\u00e7amento do EP e lan\u00e7amento do videoclipe<\/p>\n<p>&nbsp;<\/p>\n<p><a href=\"https:\/\/youtube.com\/channel\/UC5nLEYwsp0pNBwZnWHwtaqg\">https:\/\/youtube.com\/channel\/UC5nLEYwsp0pNBwZnWHwtaqg<\/a><\/p>\n<p><a href=\"https:\/\/open.spotify.com\/artist\/2azT3x8NM60cQaZgvu8WIA\">https:\/\/open.spotify.com\/artist\/2azT3x8NM60cQaZgvu8WIA<\/a><\/p>\n","protected":false},"excerpt":{"rendered":"<p>Este projeto teve como objetivo a grava\u00e7\u00e3o de um EP composto e gravado entre fevereiro e abril de 2022 na pr\u00f3pria casa de \u00c9rika num processo compartilhado atrav\u00e9s do Instagram &nbsp; \u201cDevastei o meu jardim por voc\u00ea\u201d \u00e9 um \u00e1lbum de tr\u00eas can\u00e7\u00f5es que foram feitas ao longo desse processo e que ser\u00e3o lan\u00e7adas em [&hellip;]<\/p>\n","protected":false},"author":1,"featured_media":12703,"comment_status":"closed","ping_status":"closed","sticky":false,"template":"","format":"standard","meta":{"footnotes":""},"categories":[218],"tags":[],"class_list":["post-12705","post","type-post","status-publish","format-standard","has-post-thumbnail","hentry","category-noticias-generales-pt"],"lang":"pt","translations":{"pt":12705,"es":12702},"pll_sync_post":[],"post_mailing_queue_ids":[],"_links":{"self":[{"href":"http:\/\/staging.ibermusicas.org\/index.php\/wp-json\/wp\/v2\/posts\/12705","targetHints":{"allow":["GET"]}}],"collection":[{"href":"http:\/\/staging.ibermusicas.org\/index.php\/wp-json\/wp\/v2\/posts"}],"about":[{"href":"http:\/\/staging.ibermusicas.org\/index.php\/wp-json\/wp\/v2\/types\/post"}],"author":[{"embeddable":true,"href":"http:\/\/staging.ibermusicas.org\/index.php\/wp-json\/wp\/v2\/users\/1"}],"replies":[{"embeddable":true,"href":"http:\/\/staging.ibermusicas.org\/index.php\/wp-json\/wp\/v2\/comments?post=12705"}],"version-history":[{"count":1,"href":"http:\/\/staging.ibermusicas.org\/index.php\/wp-json\/wp\/v2\/posts\/12705\/revisions"}],"predecessor-version":[{"id":12706,"href":"http:\/\/staging.ibermusicas.org\/index.php\/wp-json\/wp\/v2\/posts\/12705\/revisions\/12706"}],"wp:featuredmedia":[{"embeddable":true,"href":"http:\/\/staging.ibermusicas.org\/index.php\/wp-json\/wp\/v2\/media\/12703"}],"wp:attachment":[{"href":"http:\/\/staging.ibermusicas.org\/index.php\/wp-json\/wp\/v2\/media?parent=12705"}],"wp:term":[{"taxonomy":"category","embeddable":true,"href":"http:\/\/staging.ibermusicas.org\/index.php\/wp-json\/wp\/v2\/categories?post=12705"},{"taxonomy":"post_tag","embeddable":true,"href":"http:\/\/staging.ibermusicas.org\/index.php\/wp-json\/wp\/v2\/tags?post=12705"}],"curies":[{"name":"wp","href":"https:\/\/api.w.org\/{rel}","templated":true}]}}