{"id":12715,"date":"2022-07-29T19:00:35","date_gmt":"2022-07-29T19:00:35","guid":{"rendered":"http:\/\/staging.ibermusicas.org\/?p=12715"},"modified":"2022-07-29T19:00:35","modified_gmt":"2022-07-29T19:00:35","slug":"a-pianista-vocalista-e-compositora-brasileira-clarice-assad-ira-actuar-no-porto-piano-fest-em-portugal","status":"publish","type":"post","link":"http:\/\/staging.ibermusicas.org\/index.php\/a-pianista-vocalista-e-compositora-brasileira-clarice-assad-ira-actuar-no-porto-piano-fest-em-portugal\/","title":{"rendered":"A pianista, vocalista e compositora brasileira Clarice Assad ir\u00e1 actuar no Porto Piano Fest em Portugal"},"content":{"rendered":"<p>Compositora nomeada aos pr\u00eamios Grammy pianista, vocalista e pedagoga reconhecida pela sua abrang\u00eancia e versatilidade musical, a brasileira\/americana Clarice Assad \u00e9 uma importante voz art\u00edstica nos g\u00eaneros erudito, world music, pop e jazz. Pianista c\u00e9lebre e vocalista imaginativa, \u00e9 conhecida pelas suas cores evocativas, texturas ricas e alcance estil\u00edstico diversificado.<\/p>\n<p>&nbsp;<\/p>\n<p>Nascida no Rio de Janeiro, Clarice Assad \u00e9 uma das compositoras brasileiras mais interpretadas da sua gera\u00e7\u00e3o. Com mais de 70 obras a seu cr\u00e9dito, as suas composi\u00e7\u00f5es foram gravadas por alguns dos nomes mais proeminentes da m\u00fasica cl\u00e1ssica, incluindo a percussionista Dame Evelyn Glennie, a violoncelista YoYo Ma, a violinista Nadja Salerno-Sonnenberg e o obo\u00edsta Liang Wang.<\/p>\n<p>&nbsp;<\/p>\n<p>A m\u00fasica de Assad foi tocada por orquestras de renome internacional, incluindo a Orquestra da Filad\u00e9lfia, a Tokyo Symphony, a Queensland Symphony e a Orquestra Sinf\u00f4nica de S\u00e3o Paulo. Clarice Assad atuou como compositora residente da Albany Symphony, do Cabrillo Festival of Contemporary Music, da New Century Chamber Orchestra e da BostonLandmarks Orchestra.<\/p>\n<p>&nbsp;<\/p>\n<p>Como int\u00e9rprete, Clarice dividiu o palco com artistas como Bobby McFerrin, Anat Cohen, Nadia Sirota, Paquito D&#8217;Rivera, Tom Harrell, Marilyn Mazur e Mike Marshall, entre outros m\u00fasicos de destaque.<\/p>\n<p>&nbsp;<\/p>\n<p>&nbsp;<\/p>\n<p>Sexta-feira 1 de agosto 19:30 hs. Porto pianofest, Casa da M\u00fasica, Porto, Portugal<\/p>\n","protected":false},"excerpt":{"rendered":"<p>Compositora nomeada aos pr\u00eamios Grammy pianista, vocalista e pedagoga reconhecida pela sua abrang\u00eancia e versatilidade musical, a brasileira\/americana Clarice Assad \u00e9 uma importante voz art\u00edstica nos g\u00eaneros erudito, world music, pop e jazz. Pianista c\u00e9lebre e vocalista imaginativa, \u00e9 conhecida pelas suas cores evocativas, texturas ricas e alcance estil\u00edstico diversificado. &nbsp; Nascida no Rio de [&hellip;]<\/p>\n","protected":false},"author":1,"featured_media":12713,"comment_status":"closed","ping_status":"closed","sticky":false,"template":"","format":"standard","meta":{"footnotes":""},"categories":[218],"tags":[],"class_list":["post-12715","post","type-post","status-publish","format-standard","has-post-thumbnail","hentry","category-noticias-generales-pt"],"lang":"pt","translations":{"pt":12715,"es":12712},"pll_sync_post":[],"post_mailing_queue_ids":[],"_links":{"self":[{"href":"http:\/\/staging.ibermusicas.org\/index.php\/wp-json\/wp\/v2\/posts\/12715","targetHints":{"allow":["GET"]}}],"collection":[{"href":"http:\/\/staging.ibermusicas.org\/index.php\/wp-json\/wp\/v2\/posts"}],"about":[{"href":"http:\/\/staging.ibermusicas.org\/index.php\/wp-json\/wp\/v2\/types\/post"}],"author":[{"embeddable":true,"href":"http:\/\/staging.ibermusicas.org\/index.php\/wp-json\/wp\/v2\/users\/1"}],"replies":[{"embeddable":true,"href":"http:\/\/staging.ibermusicas.org\/index.php\/wp-json\/wp\/v2\/comments?post=12715"}],"version-history":[{"count":1,"href":"http:\/\/staging.ibermusicas.org\/index.php\/wp-json\/wp\/v2\/posts\/12715\/revisions"}],"predecessor-version":[{"id":12716,"href":"http:\/\/staging.ibermusicas.org\/index.php\/wp-json\/wp\/v2\/posts\/12715\/revisions\/12716"}],"wp:featuredmedia":[{"embeddable":true,"href":"http:\/\/staging.ibermusicas.org\/index.php\/wp-json\/wp\/v2\/media\/12713"}],"wp:attachment":[{"href":"http:\/\/staging.ibermusicas.org\/index.php\/wp-json\/wp\/v2\/media?parent=12715"}],"wp:term":[{"taxonomy":"category","embeddable":true,"href":"http:\/\/staging.ibermusicas.org\/index.php\/wp-json\/wp\/v2\/categories?post=12715"},{"taxonomy":"post_tag","embeddable":true,"href":"http:\/\/staging.ibermusicas.org\/index.php\/wp-json\/wp\/v2\/tags?post=12715"}],"curies":[{"name":"wp","href":"https:\/\/api.w.org\/{rel}","templated":true}]}}