{"id":12722,"date":"2022-07-29T19:08:55","date_gmt":"2022-07-29T19:08:55","guid":{"rendered":"http:\/\/staging.ibermusicas.org\/?p=12722"},"modified":"2022-08-30T18:24:58","modified_gmt":"2022-08-30T18:24:58","slug":"comienza-sonica-laboratoria-programa-para-la-creacion-musical-entre-mujeres-y-disidencias-de-peru-chile-argentina","status":"publish","type":"post","link":"http:\/\/staging.ibermusicas.org\/index.php\/comienza-sonica-laboratoria-programa-para-la-creacion-musical-entre-mujeres-y-disidencias-de-peru-chile-argentina\/","title":{"rendered":"Comienza S\u00f3nica Laboratoria, programa para la creaci\u00f3n musical entre mujeres y disidencias de Per\u00fa, Chile, Argentina"},"content":{"rendered":"<p>S\u00f3nica Laboratoria es un programa gestado para vincular, visibilizar y promover profesionalmente a mujeres y disidencias que se desarrollan en las \u00e1reas de creaci\u00f3n, producci\u00f3n musical e ingenier\u00eda del sonido a nivel latinoamericano.<\/p>\n<p>&nbsp;<\/p>\n<p>Las organizadoras del programa son agencias culturales de Chile, Argentina y Per\u00fa lideradas por mujeres con amplia trayectoria en el sector musical latinoamericano: FLAMMA (Argentina + Per\u00fa), Somos Fuego (Chile) Reproductora (Per\u00fa)<\/p>\n<p>&nbsp;<\/p>\n<p>El programa 2022 se desarrolla en dos eventos:<\/p>\n<p>&nbsp;<\/p>\n<ul>\n<li>Convocatoria S\u00f3nica laboratoria &#8211; Residencia musical colaborativa 2022 en formato virtual. Dise\u00f1ada para impulsar, acompa\u00f1ar y registrar el proceso de creaci\u00f3n musical entre 3 artistas de Per\u00fa, Chile y Argentina desde la composici\u00f3n hasta la masterizaci\u00f3n de una canci\u00f3n final. Esta residencia musical colaborativa dura un par de meses y culmina con la campa\u00f1a de lanzamiento de la canci\u00f3n a fin de visibilizar los procesos de las protagonistas, buscando incentivar a las mujeres y disidencias latinoamericanas del mismo rubro.<\/li>\n<\/ul>\n<p>&nbsp;<\/p>\n<ul>\n<li>La Ruta S\u00f3nica, evento virtual, difusi\u00f3n de la experiencia Residencia musical colaborativa 2022 para la comunidad S\u00f3nica a nivel latinoamericano.<\/li>\n<\/ul>\n<p>&nbsp;<\/p>\n<p>&nbsp;<\/p>\n<p>Per\u00edodo de postulaci\u00f3n del 11 de agosto al 2 de septiembre<\/p>\n<p>@sonica_laboratoria<\/p>\n","protected":false},"excerpt":{"rendered":"<p>S\u00f3nica Laboratoria es un programa gestado para vincular, visibilizar y promover profesionalmente a mujeres y disidencias que se desarrollan en las \u00e1reas de creaci\u00f3n, producci\u00f3n musical e ingenier\u00eda del sonido a nivel latinoamericano. &nbsp; Las organizadoras del programa son agencias culturales de Chile, Argentina y Per\u00fa lideradas por mujeres con amplia trayectoria en el sector [&hellip;]<\/p>\n","protected":false},"author":1,"featured_media":12723,"comment_status":"closed","ping_status":"closed","sticky":false,"template":"","format":"standard","meta":{"footnotes":""},"categories":[53],"tags":[],"class_list":["post-12722","post","type-post","status-publish","format-standard","has-post-thumbnail","hentry","category-noticias-generales"],"lang":"es","translations":{"es":12722,"pt":12725},"pll_sync_post":[],"post_mailing_queue_ids":[],"_links":{"self":[{"href":"http:\/\/staging.ibermusicas.org\/index.php\/wp-json\/wp\/v2\/posts\/12722","targetHints":{"allow":["GET"]}}],"collection":[{"href":"http:\/\/staging.ibermusicas.org\/index.php\/wp-json\/wp\/v2\/posts"}],"about":[{"href":"http:\/\/staging.ibermusicas.org\/index.php\/wp-json\/wp\/v2\/types\/post"}],"author":[{"embeddable":true,"href":"http:\/\/staging.ibermusicas.org\/index.php\/wp-json\/wp\/v2\/users\/1"}],"replies":[{"embeddable":true,"href":"http:\/\/staging.ibermusicas.org\/index.php\/wp-json\/wp\/v2\/comments?post=12722"}],"version-history":[{"count":1,"href":"http:\/\/staging.ibermusicas.org\/index.php\/wp-json\/wp\/v2\/posts\/12722\/revisions"}],"predecessor-version":[{"id":12724,"href":"http:\/\/staging.ibermusicas.org\/index.php\/wp-json\/wp\/v2\/posts\/12722\/revisions\/12724"}],"wp:featuredmedia":[{"embeddable":true,"href":"http:\/\/staging.ibermusicas.org\/index.php\/wp-json\/wp\/v2\/media\/12723"}],"wp:attachment":[{"href":"http:\/\/staging.ibermusicas.org\/index.php\/wp-json\/wp\/v2\/media?parent=12722"}],"wp:term":[{"taxonomy":"category","embeddable":true,"href":"http:\/\/staging.ibermusicas.org\/index.php\/wp-json\/wp\/v2\/categories?post=12722"},{"taxonomy":"post_tag","embeddable":true,"href":"http:\/\/staging.ibermusicas.org\/index.php\/wp-json\/wp\/v2\/tags?post=12722"}],"curies":[{"name":"wp","href":"https:\/\/api.w.org\/{rel}","templated":true}]}}