{"id":12725,"date":"2022-07-29T19:12:56","date_gmt":"2022-07-29T19:12:56","guid":{"rendered":"http:\/\/staging.ibermusicas.org\/?p=12725"},"modified":"2022-08-30T18:29:22","modified_gmt":"2022-08-30T18:29:22","slug":"sonica-laboratoria-um-programa-de-criacao-musical-entre-mulheres-e-dissidencias-do-peru-chile-argentina-comeca","status":"publish","type":"post","link":"http:\/\/staging.ibermusicas.org\/index.php\/sonica-laboratoria-um-programa-de-criacao-musical-entre-mulheres-e-dissidencias-do-peru-chile-argentina-comeca\/","title":{"rendered":"S\u00f3nica Laboratoria, um programa de cria\u00e7\u00e3o musical entre mulheres e dissid\u00eancias do Peru, Chile, Argentina, come\u00e7a"},"content":{"rendered":"<p>S\u00f3nica Laboratoria \u00e9 um programa concebido para ligar, tornar vis\u00edvel e promover profissionalmente as mulheres e ddissid\u00eancias que trabalham nas \u00e1reas da cria\u00e7\u00e3o, produ\u00e7\u00e3o musical e engenharia de som na Am\u00e9rica Latina.<\/p>\n<p>&nbsp;<\/p>\n<p>Os organizadores do programa s\u00e3o ag\u00eancias culturais do Chile, Argentina e Peru lideradas por mulheres com vasta experi\u00eancia no sector musical latino-americano: FLAMMA (Argentina + Peru), Somos Fuego (Chile) e Reproductora (Peru).<\/p>\n<p>&nbsp;<\/p>\n<p>O programa de 2022 \u00e9 desenvolvido em dois eventos:<\/p>\n<p>&nbsp;<\/p>\n<ul>\n<li>Convocatoria S\u00f3nica laboratoria &#8211; Resid\u00eancia Musical Colaborativa 2022 em formato virtual. Concebida para promover, acompanhar e gravar o processo de cria\u00e7\u00e3o musical entre 3 artistas do Peru, Chile e Argentina, desde a composi\u00e7\u00e3o at\u00e9 \u00e0 masteriza\u00e7\u00e3o de uma can\u00e7\u00e3o final. Esta resid\u00eancia musical colaborativa dura um par de meses e culmina com uma campanha para lan\u00e7ar a can\u00e7\u00e3o de modo a tornar vis\u00edveis os processos dos protagonistas, procurando encorajar as mulheres e dissid\u00eancias latino-americanas no mesmo campo.<\/li>\n<\/ul>\n<p>&nbsp;<\/p>\n<ul>\n<li>A Ruta S\u00f3nica, evento virtual, divulga\u00e7\u00e3o da experi\u00eancia da Resid\u00eancia Musical Colaborativa 2022 para a comunidade S\u00f3nica na Am\u00e9rica Latina.<\/li>\n<\/ul>\n<p>&nbsp;<\/p>\n<p>&nbsp;<\/p>\n<p>Per\u00edodo de candidatura de 11 de Agosto a 2 de Setembro.<\/p>\n<p>@sonica_laboratoria<\/p>\n<p>&nbsp;<\/p>\n","protected":false},"excerpt":{"rendered":"<p>S\u00f3nica Laboratoria \u00e9 um programa concebido para ligar, tornar vis\u00edvel e promover profissionalmente as mulheres e ddissid\u00eancias que trabalham nas \u00e1reas da cria\u00e7\u00e3o, produ\u00e7\u00e3o musical e engenharia de som na Am\u00e9rica Latina. &nbsp; Os organizadores do programa s\u00e3o ag\u00eancias culturais do Chile, Argentina e Peru lideradas por mulheres com vasta experi\u00eancia no sector musical latino-americano: [&hellip;]<\/p>\n","protected":false},"author":1,"featured_media":12723,"comment_status":"closed","ping_status":"closed","sticky":false,"template":"","format":"standard","meta":{"footnotes":""},"categories":[218],"tags":[],"class_list":["post-12725","post","type-post","status-publish","format-standard","has-post-thumbnail","hentry","category-noticias-generales-pt"],"lang":"pt","translations":{"pt":12725,"es":12722},"pll_sync_post":[],"post_mailing_queue_ids":[],"_links":{"self":[{"href":"http:\/\/staging.ibermusicas.org\/index.php\/wp-json\/wp\/v2\/posts\/12725","targetHints":{"allow":["GET"]}}],"collection":[{"href":"http:\/\/staging.ibermusicas.org\/index.php\/wp-json\/wp\/v2\/posts"}],"about":[{"href":"http:\/\/staging.ibermusicas.org\/index.php\/wp-json\/wp\/v2\/types\/post"}],"author":[{"embeddable":true,"href":"http:\/\/staging.ibermusicas.org\/index.php\/wp-json\/wp\/v2\/users\/1"}],"replies":[{"embeddable":true,"href":"http:\/\/staging.ibermusicas.org\/index.php\/wp-json\/wp\/v2\/comments?post=12725"}],"version-history":[{"count":1,"href":"http:\/\/staging.ibermusicas.org\/index.php\/wp-json\/wp\/v2\/posts\/12725\/revisions"}],"predecessor-version":[{"id":12726,"href":"http:\/\/staging.ibermusicas.org\/index.php\/wp-json\/wp\/v2\/posts\/12725\/revisions\/12726"}],"wp:featuredmedia":[{"embeddable":true,"href":"http:\/\/staging.ibermusicas.org\/index.php\/wp-json\/wp\/v2\/media\/12723"}],"wp:attachment":[{"href":"http:\/\/staging.ibermusicas.org\/index.php\/wp-json\/wp\/v2\/media?parent=12725"}],"wp:term":[{"taxonomy":"category","embeddable":true,"href":"http:\/\/staging.ibermusicas.org\/index.php\/wp-json\/wp\/v2\/categories?post=12725"},{"taxonomy":"post_tag","embeddable":true,"href":"http:\/\/staging.ibermusicas.org\/index.php\/wp-json\/wp\/v2\/tags?post=12725"}],"curies":[{"name":"wp","href":"https:\/\/api.w.org\/{rel}","templated":true}]}}