{"id":12730,"date":"2022-07-29T19:18:07","date_gmt":"2022-07-29T19:18:07","guid":{"rendered":"http:\/\/staging.ibermusicas.org\/?p=12730"},"modified":"2022-07-29T19:18:07","modified_gmt":"2022-07-29T19:18:07","slug":"tera-lugar-o-xvii-encontro-internacional-de-guitarras-panama-2022","status":"publish","type":"post","link":"http:\/\/staging.ibermusicas.org\/index.php\/tera-lugar-o-xvii-encontro-internacional-de-guitarras-panama-2022\/","title":{"rendered":"Ter\u00e1 lugar o XVII Encontro Internacional de Guitarras Panam\u00e1 2022"},"content":{"rendered":"<p>Com a presen\u00e7a de grandes guitarristas de Chile, M\u00e9xico, Costa Rica, Argentina, R\u00fassia e Panam\u00e1, o XVII Encuentro Internacional de Guitarra, Panam\u00e1 2022 ter\u00e1 lugar em tr\u00eas cidades do Panam\u00e1. As actividades incluem: oficinas t\u00e9cnicas, master classes, concurso nacional, orquestra de guitarras e recitais<\/p>\n<p>&nbsp;<\/p>\n<p>10-12 de Agosto, Teatro Gladys Vidal (Cidade do Panam\u00e1)<\/p>\n<p>13 de Agosto, Santa F\u00e9 (Veraguas)<\/p>\n<p>14 de Agosto, Boquete (Chiquir\u00ed)<\/p>\n<p>&nbsp;<\/p>\n<p><a href=\"https:\/\/www.facebook.com\/Panama-Guitar-Festival-389552641143081\">https:\/\/www.facebook.com\/Panama-Guitar-Festival-389552641143081<\/a><\/p>\n","protected":false},"excerpt":{"rendered":"<p>Com a presen\u00e7a de grandes guitarristas de Chile, M\u00e9xico, Costa Rica, Argentina, R\u00fassia e Panam\u00e1, o XVII Encuentro Internacional de Guitarra, Panam\u00e1 2022 ter\u00e1 lugar em tr\u00eas cidades do Panam\u00e1. As actividades incluem: oficinas t\u00e9cnicas, master classes, concurso nacional, orquestra de guitarras e recitais &nbsp; 10-12 de Agosto, Teatro Gladys Vidal (Cidade do Panam\u00e1) 13 [&hellip;]<\/p>\n","protected":false},"author":1,"featured_media":12728,"comment_status":"closed","ping_status":"closed","sticky":false,"template":"","format":"standard","meta":{"footnotes":""},"categories":[218],"tags":[],"class_list":["post-12730","post","type-post","status-publish","format-standard","has-post-thumbnail","hentry","category-noticias-generales-pt"],"lang":"pt","translations":{"pt":12730,"es":12727},"pll_sync_post":[],"post_mailing_queue_ids":[],"_links":{"self":[{"href":"http:\/\/staging.ibermusicas.org\/index.php\/wp-json\/wp\/v2\/posts\/12730","targetHints":{"allow":["GET"]}}],"collection":[{"href":"http:\/\/staging.ibermusicas.org\/index.php\/wp-json\/wp\/v2\/posts"}],"about":[{"href":"http:\/\/staging.ibermusicas.org\/index.php\/wp-json\/wp\/v2\/types\/post"}],"author":[{"embeddable":true,"href":"http:\/\/staging.ibermusicas.org\/index.php\/wp-json\/wp\/v2\/users\/1"}],"replies":[{"embeddable":true,"href":"http:\/\/staging.ibermusicas.org\/index.php\/wp-json\/wp\/v2\/comments?post=12730"}],"version-history":[{"count":1,"href":"http:\/\/staging.ibermusicas.org\/index.php\/wp-json\/wp\/v2\/posts\/12730\/revisions"}],"predecessor-version":[{"id":12731,"href":"http:\/\/staging.ibermusicas.org\/index.php\/wp-json\/wp\/v2\/posts\/12730\/revisions\/12731"}],"wp:featuredmedia":[{"embeddable":true,"href":"http:\/\/staging.ibermusicas.org\/index.php\/wp-json\/wp\/v2\/media\/12728"}],"wp:attachment":[{"href":"http:\/\/staging.ibermusicas.org\/index.php\/wp-json\/wp\/v2\/media?parent=12730"}],"wp:term":[{"taxonomy":"category","embeddable":true,"href":"http:\/\/staging.ibermusicas.org\/index.php\/wp-json\/wp\/v2\/categories?post=12730"},{"taxonomy":"post_tag","embeddable":true,"href":"http:\/\/staging.ibermusicas.org\/index.php\/wp-json\/wp\/v2\/tags?post=12730"}],"curies":[{"name":"wp","href":"https:\/\/api.w.org\/{rel}","templated":true}]}}