{"id":12743,"date":"2022-08-01T16:31:46","date_gmt":"2022-08-01T16:31:46","guid":{"rendered":"http:\/\/staging.ibermusicas.org\/?p=12743"},"modified":"2022-08-30T18:24:26","modified_gmt":"2022-08-30T18:24:26","slug":"el-festival-bajo-cuerdas-de-chile-continua-con-nuevas-clases-maestras","status":"publish","type":"post","link":"http:\/\/staging.ibermusicas.org\/index.php\/el-festival-bajo-cuerdas-de-chile-continua-con-nuevas-clases-maestras\/","title":{"rendered":"El Festival Bajo Cuerdas de Chile contin\u00faa con nuevas clases maestras"},"content":{"rendered":"<p dir=\"ltr\">Bajo Cuerdas es un festival exclusivamente dedicado al violonchelo y el contrabajo. La pr\u00f3xima clase magistral de contrabajo se titula Concurso Orquestal la cual estar\u00e1 a cargo de Maximiliano Igor.<\/p>\n<p dir=\"ltr\">La clase de violonchelo de agosto se titula Repertorio solista y de c\u00e1mara y estar\u00e1 a cargo de Daygoro Ser\u00f3n. Las clases como siempre\u00a0 se realizar\u00e1 online en la plataforma Zoom.<\/p>\n<p>&nbsp;<\/p>\n<p dir=\"ltr\">1ero de agosto. Clase Magistral online de contrabajo a cargo de Maximiliano Igor<\/p>\n<p dir=\"ltr\">18 de agosto. Clase Magistral online de violonchelo a cargo de Daygoro Ser\u00f3n<\/p>\n<p dir=\"ltr\">Para inscripciones y mayor informaci\u00f3n:\u00a0 <a href=\"http:\/\/www.festivalbajocuerdas.com\/\" target=\"_blank\" rel=\"noopener\" data-saferedirecturl=\"https:\/\/www.google.com\/url?q=http:\/\/www.festivalbajocuerdas.com&amp;source=gmail&amp;ust=1659457308364000&amp;usg=AOvVaw0eUrz9GuFT07xlxpoYnBkY\">www.festivalbajocuerdas.com<\/a><\/p>\n","protected":false},"excerpt":{"rendered":"<p>Bajo Cuerdas es un festival exclusivamente dedicado al violonchelo y el contrabajo. La pr\u00f3xima clase magistral de contrabajo se titula Concurso Orquestal la cual estar\u00e1 a cargo de Maximiliano Igor. La clase de violonchelo de agosto se titula Repertorio solista y de c\u00e1mara y estar\u00e1 a cargo de Daygoro Ser\u00f3n. Las clases como siempre\u00a0 se [&hellip;]<\/p>\n","protected":false},"author":1,"featured_media":12744,"comment_status":"closed","ping_status":"closed","sticky":false,"template":"","format":"standard","meta":{"footnotes":""},"categories":[53],"tags":[],"class_list":["post-12743","post","type-post","status-publish","format-standard","has-post-thumbnail","hentry","category-noticias-generales"],"lang":"es","translations":{"es":12743,"pt":12746},"pll_sync_post":[],"post_mailing_queue_ids":[],"_links":{"self":[{"href":"http:\/\/staging.ibermusicas.org\/index.php\/wp-json\/wp\/v2\/posts\/12743","targetHints":{"allow":["GET"]}}],"collection":[{"href":"http:\/\/staging.ibermusicas.org\/index.php\/wp-json\/wp\/v2\/posts"}],"about":[{"href":"http:\/\/staging.ibermusicas.org\/index.php\/wp-json\/wp\/v2\/types\/post"}],"author":[{"embeddable":true,"href":"http:\/\/staging.ibermusicas.org\/index.php\/wp-json\/wp\/v2\/users\/1"}],"replies":[{"embeddable":true,"href":"http:\/\/staging.ibermusicas.org\/index.php\/wp-json\/wp\/v2\/comments?post=12743"}],"version-history":[{"count":1,"href":"http:\/\/staging.ibermusicas.org\/index.php\/wp-json\/wp\/v2\/posts\/12743\/revisions"}],"predecessor-version":[{"id":12745,"href":"http:\/\/staging.ibermusicas.org\/index.php\/wp-json\/wp\/v2\/posts\/12743\/revisions\/12745"}],"wp:featuredmedia":[{"embeddable":true,"href":"http:\/\/staging.ibermusicas.org\/index.php\/wp-json\/wp\/v2\/media\/12744"}],"wp:attachment":[{"href":"http:\/\/staging.ibermusicas.org\/index.php\/wp-json\/wp\/v2\/media?parent=12743"}],"wp:term":[{"taxonomy":"category","embeddable":true,"href":"http:\/\/staging.ibermusicas.org\/index.php\/wp-json\/wp\/v2\/categories?post=12743"},{"taxonomy":"post_tag","embeddable":true,"href":"http:\/\/staging.ibermusicas.org\/index.php\/wp-json\/wp\/v2\/tags?post=12743"}],"curies":[{"name":"wp","href":"https:\/\/api.w.org\/{rel}","templated":true}]}}