{"id":12746,"date":"2022-08-01T16:33:48","date_gmt":"2022-08-01T16:33:48","guid":{"rendered":"http:\/\/staging.ibermusicas.org\/?p=12746"},"modified":"2022-08-30T18:29:04","modified_gmt":"2022-08-30T18:29:04","slug":"o-festival-chileno-bajo-cuerdas-continua-com-novas-masterclasses","status":"publish","type":"post","link":"http:\/\/staging.ibermusicas.org\/index.php\/o-festival-chileno-bajo-cuerdas-continua-com-novas-masterclasses\/","title":{"rendered":"O Festival chileno Bajo Cuerdas continua com novas masterclasses"},"content":{"rendered":"<p dir=\"ltr\">Bajo Cuerdas \u00e9 um festival exclusivamente dedicado ao violoncelo e contrabaixo. A pr\u00f3xima masterclass de contrabaixo intitula-se Concurso Orquestral e ser\u00e1 dada por Maximiliano Igor.<\/p>\n<p dir=\"ltr\">A aula de violoncelo em Agosto intitula-se Solo e Repert\u00f3rio de C\u00e2mara e ser\u00e1 dada por Daygoro Ser\u00f3n. Como sempre, as aulas ter\u00e3o lugar online na plataforma Zoom.<\/p>\n<p dir=\"ltr\">\n<p dir=\"ltr\">1 de Agosto. Masterclass de contrabaixo online por Maximiliano Igor.<\/p>\n<p dir=\"ltr\">18 de Agosto. Masterclass de Violoncelo Online por Daygoro Ser\u00f3n<\/p>\n<p dir=\"ltr\">Para registo e mais informa\u00e7\u00f5es: <a href=\"http:\/\/www.festivalbajocuerdas.com\/\" target=\"_blank\" rel=\"noopener\" data-saferedirecturl=\"https:\/\/www.google.com\/url?q=http:\/\/www.festivalbajocuerdas.com&amp;source=gmail&amp;ust=1659457308364000&amp;usg=AOvVaw0eUrz9GuFT07xlxpoYnBkY\">www.festivalbajocuerdas.com<\/a><\/p>\n","protected":false},"excerpt":{"rendered":"<p>Bajo Cuerdas \u00e9 um festival exclusivamente dedicado ao violoncelo e contrabaixo. A pr\u00f3xima masterclass de contrabaixo intitula-se Concurso Orquestral e ser\u00e1 dada por Maximiliano Igor. A aula de violoncelo em Agosto intitula-se Solo e Repert\u00f3rio de C\u00e2mara e ser\u00e1 dada por Daygoro Ser\u00f3n. Como sempre, as aulas ter\u00e3o lugar online na plataforma Zoom. 1 de [&hellip;]<\/p>\n","protected":false},"author":1,"featured_media":12744,"comment_status":"closed","ping_status":"closed","sticky":false,"template":"","format":"standard","meta":{"footnotes":""},"categories":[218],"tags":[],"class_list":["post-12746","post","type-post","status-publish","format-standard","has-post-thumbnail","hentry","category-noticias-generales-pt"],"lang":"pt","translations":{"pt":12746,"es":12743},"pll_sync_post":[],"post_mailing_queue_ids":[],"_links":{"self":[{"href":"http:\/\/staging.ibermusicas.org\/index.php\/wp-json\/wp\/v2\/posts\/12746","targetHints":{"allow":["GET"]}}],"collection":[{"href":"http:\/\/staging.ibermusicas.org\/index.php\/wp-json\/wp\/v2\/posts"}],"about":[{"href":"http:\/\/staging.ibermusicas.org\/index.php\/wp-json\/wp\/v2\/types\/post"}],"author":[{"embeddable":true,"href":"http:\/\/staging.ibermusicas.org\/index.php\/wp-json\/wp\/v2\/users\/1"}],"replies":[{"embeddable":true,"href":"http:\/\/staging.ibermusicas.org\/index.php\/wp-json\/wp\/v2\/comments?post=12746"}],"version-history":[{"count":1,"href":"http:\/\/staging.ibermusicas.org\/index.php\/wp-json\/wp\/v2\/posts\/12746\/revisions"}],"predecessor-version":[{"id":12747,"href":"http:\/\/staging.ibermusicas.org\/index.php\/wp-json\/wp\/v2\/posts\/12746\/revisions\/12747"}],"wp:featuredmedia":[{"embeddable":true,"href":"http:\/\/staging.ibermusicas.org\/index.php\/wp-json\/wp\/v2\/media\/12744"}],"wp:attachment":[{"href":"http:\/\/staging.ibermusicas.org\/index.php\/wp-json\/wp\/v2\/media?parent=12746"}],"wp:term":[{"taxonomy":"category","embeddable":true,"href":"http:\/\/staging.ibermusicas.org\/index.php\/wp-json\/wp\/v2\/categories?post=12746"},{"taxonomy":"post_tag","embeddable":true,"href":"http:\/\/staging.ibermusicas.org\/index.php\/wp-json\/wp\/v2\/tags?post=12746"}],"curies":[{"name":"wp","href":"https:\/\/api.w.org\/{rel}","templated":true}]}}