{"id":12748,"date":"2022-08-01T16:35:46","date_gmt":"2022-08-01T16:35:46","guid":{"rendered":"http:\/\/staging.ibermusicas.org\/?p=12748"},"modified":"2022-08-30T18:24:17","modified_gmt":"2022-08-30T18:24:17","slug":"la-banda-de-flautas-chicha-y-guarapo-de-colombia-viaja-a-ecuador-para-presentarse-en-el-festival-turu-uku","status":"publish","type":"post","link":"http:\/\/staging.ibermusicas.org\/index.php\/la-banda-de-flautas-chicha-y-guarapo-de-colombia-viaja-a-ecuador-para-presentarse-en-el-festival-turu-uku\/","title":{"rendered":"La Banda de Flautas Chicha y Guarapo de Colombia viaja a Ecuador para presentarse en el festival Turu Uku"},"content":{"rendered":"<p dir=\"ltr\">La agrupaci\u00f3n musical colombiana Banda de Flautas Chicha y Guarapo participar\u00e1 del Festival Turu Uku en la ciudad Cotacachi, Provincia de Imbabura, Ecuador<\/p>\n<p>&nbsp;<\/p>\n<p dir=\"ltr\">Esta agrupaci\u00f3n bogotana dedicada a la investigaci\u00f3n y difusi\u00f3n de la m\u00fasica de las bandas de flautas del sur occidente colombiano participar\u00e1 con un taller, un concierto y un encuentro con flauteros del pueblo Kichwa del cant\u00f3n Cotacachi.<\/p>\n<p>&nbsp;<\/p>\n<p dir=\"ltr\">Del 12 al 14 de agosto en el Festival Turu Uku, Cotacachi, Provincia de Imbabura, Ecuador. M\u00e1s informaci\u00f3n en <a href=\"https:\/\/www.facebook.com\/TURU-UKU-Festival-870518249786494\" target=\"_blank\" rel=\"noopener\" data-saferedirecturl=\"https:\/\/www.google.com\/url?q=https:\/\/www.facebook.com\/TURU-UKU-Festival-870518249786494&amp;source=gmail&amp;ust=1659457308364000&amp;usg=AOvVaw0sm0Vh9yd33sowGvoXzqo2\">https:\/\/www.facebook.com\/TURU-<wbr \/>UKU-Festival-870518249786494<\/a><\/p>\n<p dir=\"ltr\"><a href=\"https:\/\/www.facebook.com\/bandadeflauta\" target=\"_blank\" rel=\"noopener\" data-saferedirecturl=\"https:\/\/www.google.com\/url?q=https:\/\/www.facebook.com\/bandadeflauta&amp;source=gmail&amp;ust=1659457308364000&amp;usg=AOvVaw2SNmeRE2B9FZP_VWG8w8fY\">https:\/\/www.facebook.com\/<wbr \/>bandadeflauta<\/a><\/p>\n","protected":false},"excerpt":{"rendered":"<p>La agrupaci\u00f3n musical colombiana Banda de Flautas Chicha y Guarapo participar\u00e1 del Festival Turu Uku en la ciudad Cotacachi, Provincia de Imbabura, Ecuador &nbsp; Esta agrupaci\u00f3n bogotana dedicada a la investigaci\u00f3n y difusi\u00f3n de la m\u00fasica de las bandas de flautas del sur occidente colombiano participar\u00e1 con un taller, un concierto y un encuentro con [&hellip;]<\/p>\n","protected":false},"author":1,"featured_media":12749,"comment_status":"closed","ping_status":"closed","sticky":false,"template":"","format":"standard","meta":{"footnotes":""},"categories":[53],"tags":[],"class_list":["post-12748","post","type-post","status-publish","format-standard","has-post-thumbnail","hentry","category-noticias-generales"],"lang":"es","translations":{"es":12748,"pt":12751},"pll_sync_post":[],"post_mailing_queue_ids":[],"_links":{"self":[{"href":"http:\/\/staging.ibermusicas.org\/index.php\/wp-json\/wp\/v2\/posts\/12748","targetHints":{"allow":["GET"]}}],"collection":[{"href":"http:\/\/staging.ibermusicas.org\/index.php\/wp-json\/wp\/v2\/posts"}],"about":[{"href":"http:\/\/staging.ibermusicas.org\/index.php\/wp-json\/wp\/v2\/types\/post"}],"author":[{"embeddable":true,"href":"http:\/\/staging.ibermusicas.org\/index.php\/wp-json\/wp\/v2\/users\/1"}],"replies":[{"embeddable":true,"href":"http:\/\/staging.ibermusicas.org\/index.php\/wp-json\/wp\/v2\/comments?post=12748"}],"version-history":[{"count":1,"href":"http:\/\/staging.ibermusicas.org\/index.php\/wp-json\/wp\/v2\/posts\/12748\/revisions"}],"predecessor-version":[{"id":12750,"href":"http:\/\/staging.ibermusicas.org\/index.php\/wp-json\/wp\/v2\/posts\/12748\/revisions\/12750"}],"wp:featuredmedia":[{"embeddable":true,"href":"http:\/\/staging.ibermusicas.org\/index.php\/wp-json\/wp\/v2\/media\/12749"}],"wp:attachment":[{"href":"http:\/\/staging.ibermusicas.org\/index.php\/wp-json\/wp\/v2\/media?parent=12748"}],"wp:term":[{"taxonomy":"category","embeddable":true,"href":"http:\/\/staging.ibermusicas.org\/index.php\/wp-json\/wp\/v2\/categories?post=12748"},{"taxonomy":"post_tag","embeddable":true,"href":"http:\/\/staging.ibermusicas.org\/index.php\/wp-json\/wp\/v2\/tags?post=12748"}],"curies":[{"name":"wp","href":"https:\/\/api.w.org\/{rel}","templated":true}]}}