{"id":12751,"date":"2022-08-01T16:37:45","date_gmt":"2022-08-01T16:37:45","guid":{"rendered":"http:\/\/staging.ibermusicas.org\/?p=12751"},"modified":"2022-08-30T18:28:54","modified_gmt":"2022-08-30T18:28:54","slug":"a-banda-de-flautas-chicha-y-guarapo-da-colombia-viaja-para-o-equador-para-actuar-no-festival-turu-uku","status":"publish","type":"post","link":"http:\/\/staging.ibermusicas.org\/index.php\/a-banda-de-flautas-chicha-y-guarapo-da-colombia-viaja-para-o-equador-para-actuar-no-festival-turu-uku\/","title":{"rendered":"A Banda de Flautas Chicha y Guarapo da Col\u00f4mbia viaja para o Equador para actuar no Festival Turu Uku"},"content":{"rendered":"<p dir=\"ltr\">O grupo musical colombiano Banda de Flautas Chicha y Guarapo participar\u00e1 no Festival Turu Uku, na cidade de Cotacachi, provincia de Imbabura, Equador.<\/p>\n<p dir=\"ltr\">\n<p dir=\"ltr\">Este grupo de Bogot\u00e1, dedicado \u00e0 investiga\u00e7\u00e3o e divulga\u00e7\u00e3o da m\u00fasica das bandas de flauta do sudoeste da Col\u00f4mbia, vai participar com um workshop, um concerto e um encontro com flautistas do povo Kichwa do cant\u00e3o de Cotacachi.<\/p>\n<p dir=\"ltr\">\n<p dir=\"ltr\">De 12 a 14 de Agosto no Festival Turu Uku, Cotacachi, Prov\u00edncia de Imbabura, Equador. Mais informa\u00e7\u00f5es em <a href=\"https:\/\/www.facebook.com\/TURU-UKU-Festival-870518249786494\" target=\"_blank\" rel=\"noopener\" data-saferedirecturl=\"https:\/\/www.google.com\/url?q=https:\/\/www.facebook.com\/TURU-UKU-Festival-870518249786494&amp;source=gmail&amp;ust=1659457308364000&amp;usg=AOvVaw0sm0Vh9yd33sowGvoXzqo2\">https:\/\/www.facebook.com\/TURU-<wbr \/>UKU-Festival-870518249786494<\/a><\/p>\n<p dir=\"ltr\"><a href=\"https:\/\/www.facebook.com\/bandadeflauta\" target=\"_blank\" rel=\"noopener\" data-saferedirecturl=\"https:\/\/www.google.com\/url?q=https:\/\/www.facebook.com\/bandadeflauta&amp;source=gmail&amp;ust=1659457308364000&amp;usg=AOvVaw2SNmeRE2B9FZP_VWG8w8fY\">https:\/\/www.facebook.com\/<wbr \/>bandadeflauta<\/a><\/p>\n","protected":false},"excerpt":{"rendered":"<p>O grupo musical colombiano Banda de Flautas Chicha y Guarapo participar\u00e1 no Festival Turu Uku, na cidade de Cotacachi, provincia de Imbabura, Equador. Este grupo de Bogot\u00e1, dedicado \u00e0 investiga\u00e7\u00e3o e divulga\u00e7\u00e3o da m\u00fasica das bandas de flauta do sudoeste da Col\u00f4mbia, vai participar com um workshop, um concerto e um encontro com flautistas do [&hellip;]<\/p>\n","protected":false},"author":1,"featured_media":12749,"comment_status":"closed","ping_status":"closed","sticky":false,"template":"","format":"standard","meta":{"footnotes":""},"categories":[218],"tags":[],"class_list":["post-12751","post","type-post","status-publish","format-standard","has-post-thumbnail","hentry","category-noticias-generales-pt"],"lang":"pt","translations":{"pt":12751,"es":12748},"pll_sync_post":[],"post_mailing_queue_ids":[],"_links":{"self":[{"href":"http:\/\/staging.ibermusicas.org\/index.php\/wp-json\/wp\/v2\/posts\/12751","targetHints":{"allow":["GET"]}}],"collection":[{"href":"http:\/\/staging.ibermusicas.org\/index.php\/wp-json\/wp\/v2\/posts"}],"about":[{"href":"http:\/\/staging.ibermusicas.org\/index.php\/wp-json\/wp\/v2\/types\/post"}],"author":[{"embeddable":true,"href":"http:\/\/staging.ibermusicas.org\/index.php\/wp-json\/wp\/v2\/users\/1"}],"replies":[{"embeddable":true,"href":"http:\/\/staging.ibermusicas.org\/index.php\/wp-json\/wp\/v2\/comments?post=12751"}],"version-history":[{"count":1,"href":"http:\/\/staging.ibermusicas.org\/index.php\/wp-json\/wp\/v2\/posts\/12751\/revisions"}],"predecessor-version":[{"id":12752,"href":"http:\/\/staging.ibermusicas.org\/index.php\/wp-json\/wp\/v2\/posts\/12751\/revisions\/12752"}],"wp:featuredmedia":[{"embeddable":true,"href":"http:\/\/staging.ibermusicas.org\/index.php\/wp-json\/wp\/v2\/media\/12749"}],"wp:attachment":[{"href":"http:\/\/staging.ibermusicas.org\/index.php\/wp-json\/wp\/v2\/media?parent=12751"}],"wp:term":[{"taxonomy":"category","embeddable":true,"href":"http:\/\/staging.ibermusicas.org\/index.php\/wp-json\/wp\/v2\/categories?post=12751"},{"taxonomy":"post_tag","embeddable":true,"href":"http:\/\/staging.ibermusicas.org\/index.php\/wp-json\/wp\/v2\/tags?post=12751"}],"curies":[{"name":"wp","href":"https:\/\/api.w.org\/{rel}","templated":true}]}}