{"id":12753,"date":"2022-08-01T16:39:48","date_gmt":"2022-08-01T16:39:48","guid":{"rendered":"http:\/\/staging.ibermusicas.org\/?p=12753"},"modified":"2022-08-30T18:24:01","modified_gmt":"2022-08-30T18:24:01","slug":"el-proyecto-saberes-musicales-de-aires-de-dominguillo-de-colombia-lanza-su-ep","status":"publish","type":"post","link":"http:\/\/staging.ibermusicas.org\/index.php\/el-proyecto-saberes-musicales-de-aires-de-dominguillo-de-colombia-lanza-su-ep\/","title":{"rendered":"El proyecto Saberes Musicales de Aires de Dominguillo de Colombia lanza su EP"},"content":{"rendered":"<p dir=\"ltr\">El grupo Aires de Dominguillo naci\u00f3 hace dos d\u00e9cadas en el poblado rural de Dominguillo del municipio de Santander de Quilichao, en el Cauca, Colombia. Conformado por miembros de tres generaciones de la familia Lasso Caracas y compa\u00f1eros m\u00fasicos, es int\u00e9rprete y creador de m\u00fasicas de la tradici\u00f3n afrocolombiana de Violines Caucanos.<\/p>\n<p>&nbsp;<\/p>\n<p dir=\"ltr\">Esta agrupaci\u00f3n ha sido uno de los baluartes y referentes m\u00e1s notorios de la regi\u00f3n en m\u00fasicas tradicionales, siendo abanderada y dirigida por Walter Lasso (compositor y violinista) y Ana Lucia Caracas (cantadora y gestora cultural), destac\u00e1ndose por generar una propuesta enmarcada en los ritmos tradicionales que se viven en la vereda Dominguillo, en torno de las diferentes festividades t\u00edpicas de este territorio, participando de la dinamizaci\u00f3n socio cultural de la zona, en donde los ritmos de bambucos, jugas y torbellinos son el punto de anclaje y difusi\u00f3n del legado Afro Norte Caucano.<\/p>\n<p>&nbsp;<\/p>\n<p dir=\"ltr\">Ya se encuentra disponible el EP del grupo con seis temas musicales de autor\u00eda propia y de la tradici\u00f3n oral de violines caucanos de Colombia. La gesti\u00f3n de este proyecto ha sido realizada en colaboraci\u00f3n con la etnomusic\u00f3loga colombiana Paloma Palau Valderrama, investigadora en el Grupo de Estudos Musicais de la Universidade Federal do Rio Grande do Sul (Brasil).<\/p>\n<p>&nbsp;<\/p>\n<p dir=\"ltr\"><a href=\"https:\/\/www.facebook.com\/grupoairesdominguillo\" target=\"_blank\" rel=\"noopener\" data-saferedirecturl=\"https:\/\/www.google.com\/url?q=https:\/\/www.facebook.com\/grupoairesdominguillo&amp;source=gmail&amp;ust=1659457308364000&amp;usg=AOvVaw1ajwnqSU1tzTWCZMSwd9Y3\">https:\/\/www.facebook.com\/<wbr \/>grupoairesdominguillo<\/a><\/p>\n<p dir=\"ltr\">@airesdedominguillo<\/p>\n","protected":false},"excerpt":{"rendered":"<p>El grupo Aires de Dominguillo naci\u00f3 hace dos d\u00e9cadas en el poblado rural de Dominguillo del municipio de Santander de Quilichao, en el Cauca, Colombia. Conformado por miembros de tres generaciones de la familia Lasso Caracas y compa\u00f1eros m\u00fasicos, es int\u00e9rprete y creador de m\u00fasicas de la tradici\u00f3n afrocolombiana de Violines Caucanos. &nbsp; Esta agrupaci\u00f3n [&hellip;]<\/p>\n","protected":false},"author":1,"featured_media":12754,"comment_status":"closed","ping_status":"closed","sticky":false,"template":"","format":"standard","meta":{"footnotes":""},"categories":[53],"tags":[],"class_list":["post-12753","post","type-post","status-publish","format-standard","has-post-thumbnail","hentry","category-noticias-generales"],"lang":"es","translations":{"es":12753,"pt":12756},"pll_sync_post":[],"post_mailing_queue_ids":[],"_links":{"self":[{"href":"http:\/\/staging.ibermusicas.org\/index.php\/wp-json\/wp\/v2\/posts\/12753","targetHints":{"allow":["GET"]}}],"collection":[{"href":"http:\/\/staging.ibermusicas.org\/index.php\/wp-json\/wp\/v2\/posts"}],"about":[{"href":"http:\/\/staging.ibermusicas.org\/index.php\/wp-json\/wp\/v2\/types\/post"}],"author":[{"embeddable":true,"href":"http:\/\/staging.ibermusicas.org\/index.php\/wp-json\/wp\/v2\/users\/1"}],"replies":[{"embeddable":true,"href":"http:\/\/staging.ibermusicas.org\/index.php\/wp-json\/wp\/v2\/comments?post=12753"}],"version-history":[{"count":1,"href":"http:\/\/staging.ibermusicas.org\/index.php\/wp-json\/wp\/v2\/posts\/12753\/revisions"}],"predecessor-version":[{"id":12755,"href":"http:\/\/staging.ibermusicas.org\/index.php\/wp-json\/wp\/v2\/posts\/12753\/revisions\/12755"}],"wp:featuredmedia":[{"embeddable":true,"href":"http:\/\/staging.ibermusicas.org\/index.php\/wp-json\/wp\/v2\/media\/12754"}],"wp:attachment":[{"href":"http:\/\/staging.ibermusicas.org\/index.php\/wp-json\/wp\/v2\/media?parent=12753"}],"wp:term":[{"taxonomy":"category","embeddable":true,"href":"http:\/\/staging.ibermusicas.org\/index.php\/wp-json\/wp\/v2\/categories?post=12753"},{"taxonomy":"post_tag","embeddable":true,"href":"http:\/\/staging.ibermusicas.org\/index.php\/wp-json\/wp\/v2\/tags?post=12753"}],"curies":[{"name":"wp","href":"https:\/\/api.w.org\/{rel}","templated":true}]}}