{"id":12907,"date":"2022-08-16T22:35:28","date_gmt":"2022-08-16T22:35:28","guid":{"rendered":"http:\/\/staging.ibermusicas.org\/?p=12907"},"modified":"2022-08-30T18:23:52","modified_gmt":"2022-08-30T18:23:52","slug":"desde-la-universidad-federal-de-minas-gerais-brasil-llega-una-nueva-master-class-de-los-bajos-del-candombe","status":"publish","type":"post","link":"http:\/\/staging.ibermusicas.org\/index.php\/desde-la-universidad-federal-de-minas-gerais-brasil-llega-una-nueva-master-class-de-los-bajos-del-candombe\/","title":{"rendered":"Desde la Universidad Federal de Minas Gerais, Brasil, llega una nueva master class de Los Bajos del Candombe"},"content":{"rendered":"<p>Los Bajos del Candombe es una publicaci\u00f3n de gran formato, publicada a principios de 2021 que compila, sistematiza, divulga y ense\u00f1a las diversas variantes que a lo largo de los tiempos, m\u00fasicos, compositores y tocadores fueron inventando y descubriendo para acompa\u00f1ar el candombe como g\u00e9nero musical y manifestaci\u00f3n cultural.<\/p>\n<p>&nbsp;<\/p>\n<p>Los bajos del candombe, todos distintos y todos parte de la misma especie, conviven en este libro junto a entrevistas a los referentes y pioneros del candombe uruguayo y m\u00e1s de 50 partituras y grooves en formato play along para aprender tocando.<\/p>\n<p>&nbsp;<\/p>\n<p>Nacho Mateu y Marcos Exp\u00f3sito coincidieron en el estudio del bajo y desarrollaron, en paralelo, destacadas carreras como instrumentistas de sesi\u00f3n y de sus propios proyectos. Hace siete a\u00f1os, por pura curiosidad, y cada uno por su lado, comenzaron a transcribir piezas claves del candombe y el candombe fusi\u00f3n al lenguaje musical y se les ocurri\u00f3 la idea de hacer algo m\u00e1s con esa labor en com\u00fan.<\/p>\n<p>&nbsp;<\/p>\n<p>El resultado final es Los bajos del candombe, un libro de 404 p\u00e1ginas y un kilo y cuatrocientos setenta gramos en balanza, que abre con humildad, respeto y extremo cuidado una puerta hacia la historia del candombe.<\/p>\n<p>&nbsp;<\/p>\n<p>Con el cometido de enclavar el candombe en el concierto mundial de la cultura es que el libro Los Bajos del Candombe combina testimonios vivos de los m\u00e1s destacados exponentes del g\u00e9nero; ejercicios musicales y transcripciones in\u00e9ditas de composiciones.<\/p>\n<p>&nbsp;<\/p>\n<p>&nbsp;<\/p>\n<p>24 de agosto. Masterclass virtual de 15:00 a 18:00 hs. Universidad Federal de Minas Gerais, Belo Horizonte, Brasil<\/p>\n<p><a href=\"https:\/\/ufmg.br\">https:\/\/ufmg.br<\/a><\/p>\n<p>Inscripciones en: <a href=\"https:\/\/forms.gle\/9nwRCyBUPXLM1GxK9\">https:\/\/forms.gle\/9nwRCyBUPXLM1GxK9<\/a><\/p>\n<p>&nbsp;<\/p>\n","protected":false},"excerpt":{"rendered":"<p>Los Bajos del Candombe es una publicaci\u00f3n de gran formato, publicada a principios de 2021 que compila, sistematiza, divulga y ense\u00f1a las diversas variantes que a lo largo de los tiempos, m\u00fasicos, compositores y tocadores fueron inventando y descubriendo para acompa\u00f1ar el candombe como g\u00e9nero musical y manifestaci\u00f3n cultural. &nbsp; Los bajos del candombe, todos [&hellip;]<\/p>\n","protected":false},"author":1,"featured_media":12908,"comment_status":"closed","ping_status":"closed","sticky":false,"template":"","format":"standard","meta":{"footnotes":""},"categories":[53],"tags":[],"class_list":["post-12907","post","type-post","status-publish","format-standard","has-post-thumbnail","hentry","category-noticias-generales"],"lang":"es","translations":{"es":12907,"pt":12910},"pll_sync_post":[],"post_mailing_queue_ids":[],"_links":{"self":[{"href":"http:\/\/staging.ibermusicas.org\/index.php\/wp-json\/wp\/v2\/posts\/12907","targetHints":{"allow":["GET"]}}],"collection":[{"href":"http:\/\/staging.ibermusicas.org\/index.php\/wp-json\/wp\/v2\/posts"}],"about":[{"href":"http:\/\/staging.ibermusicas.org\/index.php\/wp-json\/wp\/v2\/types\/post"}],"author":[{"embeddable":true,"href":"http:\/\/staging.ibermusicas.org\/index.php\/wp-json\/wp\/v2\/users\/1"}],"replies":[{"embeddable":true,"href":"http:\/\/staging.ibermusicas.org\/index.php\/wp-json\/wp\/v2\/comments?post=12907"}],"version-history":[{"count":1,"href":"http:\/\/staging.ibermusicas.org\/index.php\/wp-json\/wp\/v2\/posts\/12907\/revisions"}],"predecessor-version":[{"id":12909,"href":"http:\/\/staging.ibermusicas.org\/index.php\/wp-json\/wp\/v2\/posts\/12907\/revisions\/12909"}],"wp:featuredmedia":[{"embeddable":true,"href":"http:\/\/staging.ibermusicas.org\/index.php\/wp-json\/wp\/v2\/media\/12908"}],"wp:attachment":[{"href":"http:\/\/staging.ibermusicas.org\/index.php\/wp-json\/wp\/v2\/media?parent=12907"}],"wp:term":[{"taxonomy":"category","embeddable":true,"href":"http:\/\/staging.ibermusicas.org\/index.php\/wp-json\/wp\/v2\/categories?post=12907"},{"taxonomy":"post_tag","embeddable":true,"href":"http:\/\/staging.ibermusicas.org\/index.php\/wp-json\/wp\/v2\/tags?post=12907"}],"curies":[{"name":"wp","href":"https:\/\/api.w.org\/{rel}","templated":true}]}}