{"id":12910,"date":"2022-08-16T22:37:48","date_gmt":"2022-08-16T22:37:48","guid":{"rendered":"http:\/\/staging.ibermusicas.org\/?p=12910"},"modified":"2022-08-30T18:28:40","modified_gmt":"2022-08-30T18:28:40","slug":"da-universidade-federal-de-minas-gerais-brasil-vem-uma-nova-master-class-de-los-bajos-del-candombe","status":"publish","type":"post","link":"http:\/\/staging.ibermusicas.org\/index.php\/da-universidade-federal-de-minas-gerais-brasil-vem-uma-nova-master-class-de-los-bajos-del-candombe\/","title":{"rendered":"Da Universidade Federal de Minas Gerais, Brasil, vem uma nova master class de Los Bajos del Candombe"},"content":{"rendered":"<p>Los Bajos del Candombe (Os Baixos do Candombe) \u00e9 uma publica\u00e7\u00e3o de grande formato, publicada no in\u00edcio de 2021, que compila, sistematiza, dissemina e ensina as diferentes variantes que m\u00fasicos, compositores e tocadores t\u00eam inventado e descoberto ao longo dos anos para acompanhar o candombe como g\u00e9nero musical e manifesta\u00e7\u00e3o cultural.<\/p>\n<p>&nbsp;<\/p>\n<p>Los bajos del Candome, todos diferentes e todos pertencentes \u00e0 mesma esp\u00e9cie, coexistem neste livro juntamente com entrevistas aos referentes e pioneiros do candombe uruguaio e mais de 50 partituras e grooves em formato play along para aprender a tocar.<\/p>\n<p>&nbsp;<\/p>\n<p>Nacho Mateu e Marcos Exp\u00f3sito coincidiram no estudo do baixo e desenvolveram, em paralelo, carreiras not\u00e1veis como instrumentistas de sess\u00e3o e de seus pr\u00f3prios projetos. H\u00e1 sete anos atr\u00e1s, por pura curiosidade, e cada um por si, come\u00e7aram a transcrever pe\u00e7as chave do candombe e do candombe fus\u00e3o na linguagem musical e tiveram a ideia de fazer algo mais com esse trabalho em comum.<\/p>\n<p>&nbsp;<\/p>\n<p>O resultado final \u00e9 Los Bajos del Candombe, um livro de 404 p\u00e1ginas e um quilo e quatrocentos e setenta gramas que abre com humildade, respeito e extremo cuidado uma porta para a hist\u00f3ria do candombe.<\/p>\n<p>&nbsp;<\/p>\n<p>Com o objetivo de colocar o candombe no concerto mundial da cultura, o livro Los Bajos del Candombe combina testemunhos vivos dos expoentes mais not\u00e1veis do g\u00eanero; exerc\u00edcios musicais e transcri\u00e7\u00f5es in\u00e9ditas de composi\u00e7\u00f5es.<\/p>\n<p>&nbsp;<\/p>\n<p>&nbsp;<\/p>\n<p>24 de Agosto. Masterclass Virtual das 15:00 \u00e0s 18:00 hs. Universidade Federal de Minas Gerais, Belo Horizonte, Brasil.<\/p>\n<p><a href=\"https:\/\/ufmg.br\">https:\/\/ufmg.br<\/a><\/p>\n<p>Registo em: <a href=\"https:\/\/forms.gle\/9nwRCyBUPXLM1GxK9\">https:\/\/forms.gle\/9nwRCyBUPXLM1GxK9<\/a><\/p>\n","protected":false},"excerpt":{"rendered":"<p>Los Bajos del Candombe (Os Baixos do Candombe) \u00e9 uma publica\u00e7\u00e3o de grande formato, publicada no in\u00edcio de 2021, que compila, sistematiza, dissemina e ensina as diferentes variantes que m\u00fasicos, compositores e tocadores t\u00eam inventado e descoberto ao longo dos anos para acompanhar o candombe como g\u00e9nero musical e manifesta\u00e7\u00e3o cultural. &nbsp; Los bajos del [&hellip;]<\/p>\n","protected":false},"author":1,"featured_media":12908,"comment_status":"closed","ping_status":"closed","sticky":false,"template":"","format":"standard","meta":{"footnotes":""},"categories":[218],"tags":[],"class_list":["post-12910","post","type-post","status-publish","format-standard","has-post-thumbnail","hentry","category-noticias-generales-pt"],"lang":"pt","translations":{"pt":12910,"es":12907},"pll_sync_post":[],"post_mailing_queue_ids":[],"_links":{"self":[{"href":"http:\/\/staging.ibermusicas.org\/index.php\/wp-json\/wp\/v2\/posts\/12910","targetHints":{"allow":["GET"]}}],"collection":[{"href":"http:\/\/staging.ibermusicas.org\/index.php\/wp-json\/wp\/v2\/posts"}],"about":[{"href":"http:\/\/staging.ibermusicas.org\/index.php\/wp-json\/wp\/v2\/types\/post"}],"author":[{"embeddable":true,"href":"http:\/\/staging.ibermusicas.org\/index.php\/wp-json\/wp\/v2\/users\/1"}],"replies":[{"embeddable":true,"href":"http:\/\/staging.ibermusicas.org\/index.php\/wp-json\/wp\/v2\/comments?post=12910"}],"version-history":[{"count":1,"href":"http:\/\/staging.ibermusicas.org\/index.php\/wp-json\/wp\/v2\/posts\/12910\/revisions"}],"predecessor-version":[{"id":12911,"href":"http:\/\/staging.ibermusicas.org\/index.php\/wp-json\/wp\/v2\/posts\/12910\/revisions\/12911"}],"wp:featuredmedia":[{"embeddable":true,"href":"http:\/\/staging.ibermusicas.org\/index.php\/wp-json\/wp\/v2\/media\/12908"}],"wp:attachment":[{"href":"http:\/\/staging.ibermusicas.org\/index.php\/wp-json\/wp\/v2\/media?parent=12910"}],"wp:term":[{"taxonomy":"category","embeddable":true,"href":"http:\/\/staging.ibermusicas.org\/index.php\/wp-json\/wp\/v2\/categories?post=12910"},{"taxonomy":"post_tag","embeddable":true,"href":"http:\/\/staging.ibermusicas.org\/index.php\/wp-json\/wp\/v2\/tags?post=12910"}],"curies":[{"name":"wp","href":"https:\/\/api.w.org\/{rel}","templated":true}]}}