{"id":12912,"date":"2022-08-16T22:47:01","date_gmt":"2022-08-16T22:47:01","guid":{"rendered":"http:\/\/staging.ibermusicas.org\/?p=12912"},"modified":"2022-08-16T22:47:01","modified_gmt":"2022-08-16T22:47:01","slug":"desde-portugal-martin-sued-orquestra-assintomatica-presentan-igual-estamos-aca","status":"publish","type":"post","link":"http:\/\/staging.ibermusicas.org\/index.php\/desde-portugal-martin-sued-orquestra-assintomatica-presentan-igual-estamos-aca\/","title":{"rendered":"Desde Portugal Mart\u00edn Sued &#038; Orquestra Assintom\u00e1tica presentan Igual Estamos Ac\u00e1"},"content":{"rendered":"<p>Mart\u00edn Sued &amp; Orquestra Assintom\u00e1tica es un sexteto instrumental dirigido por el bandoneonista argentino Mart\u00edn Sued. Creado durante el a\u00f1o 2020 en Portugal, el grupo presenta un repertorio de composiciones originales para una formaci\u00f3n que incluye los instrumentos caracter\u00edsticos de una formaci\u00f3n de tango tradicional, pero utiliza estas ra\u00edces para caminar m\u00e1s all\u00e1 de las fronteras del g\u00e9nero.<\/p>\n<p>&nbsp;<\/p>\n<p>M\u00e1s all\u00e1 de la m\u00fasica, los espect\u00e1culos de Mart\u00edn Sued &amp; Orquestra Assintom\u00e1tica se distinguen por la dimensi\u00f3n esc\u00e9nica y performativa, que hace al p\u00fablico fundirse en esta sonoridad \u00fanica, hecha de colores contempor\u00e1neos e ilustrada por la tradici\u00f3n popular argentina.<\/p>\n<p>&nbsp;<\/p>\n<p>El colectivo tiene la singularidad de estar formado por m\u00fasicos de diferentes nacionalidades y culturas como Brasil, Ucrania, Italia, Portugal y Argentina. Son parte de Orquestra Assintom\u00e1tica: Ariel Rodriguez en piano y sintetizadores, Pedro Loch en guitarra el\u00e9ctrica, Francesco Valente en contrabajo, Sandra Martins en violoncelo, Denys Stetsenko en viol\u00edn y Mart\u00edn Sued en bandone\u00f3n, composici\u00f3n y arreglos.<\/p>\n<p>&nbsp;<\/p>\n<p>&nbsp;<\/p>\n<p>Ver y escuchar en: <a href=\"https:\/\/youtu.be\/ZeX3xwkxbj8\">https:\/\/youtu.be\/ZeX3xwkxbj8<\/a><\/p>\n","protected":false},"excerpt":{"rendered":"<p>Mart\u00edn Sued &amp; Orquestra Assintom\u00e1tica es un sexteto instrumental dirigido por el bandoneonista argentino Mart\u00edn Sued. Creado durante el a\u00f1o 2020 en Portugal, el grupo presenta un repertorio de composiciones originales para una formaci\u00f3n que incluye los instrumentos caracter\u00edsticos de una formaci\u00f3n de tango tradicional, pero utiliza estas ra\u00edces para caminar m\u00e1s all\u00e1 de las [&hellip;]<\/p>\n","protected":false},"author":1,"featured_media":12913,"comment_status":"closed","ping_status":"closed","sticky":false,"template":"","format":"standard","meta":{"footnotes":""},"categories":[53],"tags":[],"class_list":["post-12912","post","type-post","status-publish","format-standard","has-post-thumbnail","hentry","category-noticias-generales"],"lang":"es","translations":{"es":12912,"pt":12915},"pll_sync_post":[],"post_mailing_queue_ids":[],"_links":{"self":[{"href":"http:\/\/staging.ibermusicas.org\/index.php\/wp-json\/wp\/v2\/posts\/12912","targetHints":{"allow":["GET"]}}],"collection":[{"href":"http:\/\/staging.ibermusicas.org\/index.php\/wp-json\/wp\/v2\/posts"}],"about":[{"href":"http:\/\/staging.ibermusicas.org\/index.php\/wp-json\/wp\/v2\/types\/post"}],"author":[{"embeddable":true,"href":"http:\/\/staging.ibermusicas.org\/index.php\/wp-json\/wp\/v2\/users\/1"}],"replies":[{"embeddable":true,"href":"http:\/\/staging.ibermusicas.org\/index.php\/wp-json\/wp\/v2\/comments?post=12912"}],"version-history":[{"count":1,"href":"http:\/\/staging.ibermusicas.org\/index.php\/wp-json\/wp\/v2\/posts\/12912\/revisions"}],"predecessor-version":[{"id":12914,"href":"http:\/\/staging.ibermusicas.org\/index.php\/wp-json\/wp\/v2\/posts\/12912\/revisions\/12914"}],"wp:featuredmedia":[{"embeddable":true,"href":"http:\/\/staging.ibermusicas.org\/index.php\/wp-json\/wp\/v2\/media\/12913"}],"wp:attachment":[{"href":"http:\/\/staging.ibermusicas.org\/index.php\/wp-json\/wp\/v2\/media?parent=12912"}],"wp:term":[{"taxonomy":"category","embeddable":true,"href":"http:\/\/staging.ibermusicas.org\/index.php\/wp-json\/wp\/v2\/categories?post=12912"},{"taxonomy":"post_tag","embeddable":true,"href":"http:\/\/staging.ibermusicas.org\/index.php\/wp-json\/wp\/v2\/tags?post=12912"}],"curies":[{"name":"wp","href":"https:\/\/api.w.org\/{rel}","templated":true}]}}