{"id":12915,"date":"2022-08-16T22:48:18","date_gmt":"2022-08-16T22:48:18","guid":{"rendered":"http:\/\/staging.ibermusicas.org\/?p=12915"},"modified":"2022-08-16T22:48:18","modified_gmt":"2022-08-16T22:48:18","slug":"de-portugal-martin-sued-orquestra-assintomatica-apresenta-igual-estamos-aca","status":"publish","type":"post","link":"http:\/\/staging.ibermusicas.org\/index.php\/de-portugal-martin-sued-orquestra-assintomatica-apresenta-igual-estamos-aca\/","title":{"rendered":"De Portugal Mart\u00edn Sued &#038; Orquestra Assintom\u00e1tica apresenta Igual Estamos Ac\u00e1"},"content":{"rendered":"<p>Mart\u00edn Sued &amp; Orquestra Assintom\u00e1tica \u00e9 um sexteto instrumental liderado pelo bandoneonista argentino Mart\u00edn Sued. Criado durante o ano de 2020 em Portugal, o grupo apresenta um repert\u00f3rio de composi\u00e7\u00f5es originais para uma forma\u00e7\u00e3o que inclui os instrumentos caracter\u00edsticos de uma forma\u00e7\u00e3o tradicional de tango, mas utiliza essas ra\u00edzes para caminhar al\u00e9m dos limites do g\u00eanero.<\/p>\n<p>&nbsp;<\/p>\n<p>Al\u00e9m da m\u00fasica, os espet\u00e1culos de Mart\u00edn Sued &amp; Orquestra Assintom\u00e1tica se distinguem pela dimens\u00e3o c\u00eanica e perform\u00e1tica, o que faz com que o p\u00fablico se funda nesta sonoridade \u00fanica, feita de cores contempor\u00e2neas e ilustrada pela tradi\u00e7\u00e3o popular argentina.<\/p>\n<p>&nbsp;<\/p>\n<p>O coletivo tem a singularidade de ser formado por m\u00fasicos de diferentes nacionalidades e culturas como Brasil, Ucr\u00e2nia, It\u00e1lia, Portugal e Argentina. Os membros da Orquestra Assintom\u00e1tica s\u00e3o: Ariel Rodriguez no piano e sintetizadores, Pedro Loch na guitarra el\u00e9trica, Francesco Valente no contrabaixo, Sandra Martins no violoncelo, Denys Stetsenko no violino e Mart\u00edn Sued no bandoneon, composi\u00e7\u00e3o e arranjos.<\/p>\n<p>Veja e ou\u00e7a em: <a href=\"https:\/\/youtu.be\/ZeX3xwkxbj8\">https:\/\/youtu.be\/ZeX3xwkxbj8<\/a><\/p>\n","protected":false},"excerpt":{"rendered":"<p>Mart\u00edn Sued &amp; Orquestra Assintom\u00e1tica \u00e9 um sexteto instrumental liderado pelo bandoneonista argentino Mart\u00edn Sued. Criado durante o ano de 2020 em Portugal, o grupo apresenta um repert\u00f3rio de composi\u00e7\u00f5es originais para uma forma\u00e7\u00e3o que inclui os instrumentos caracter\u00edsticos de uma forma\u00e7\u00e3o tradicional de tango, mas utiliza essas ra\u00edzes para caminhar al\u00e9m dos limites do [&hellip;]<\/p>\n","protected":false},"author":1,"featured_media":12913,"comment_status":"closed","ping_status":"closed","sticky":false,"template":"","format":"standard","meta":{"footnotes":""},"categories":[218],"tags":[],"class_list":["post-12915","post","type-post","status-publish","format-standard","has-post-thumbnail","hentry","category-noticias-generales-pt"],"lang":"pt","translations":{"pt":12915,"es":12912},"pll_sync_post":[],"post_mailing_queue_ids":[],"_links":{"self":[{"href":"http:\/\/staging.ibermusicas.org\/index.php\/wp-json\/wp\/v2\/posts\/12915","targetHints":{"allow":["GET"]}}],"collection":[{"href":"http:\/\/staging.ibermusicas.org\/index.php\/wp-json\/wp\/v2\/posts"}],"about":[{"href":"http:\/\/staging.ibermusicas.org\/index.php\/wp-json\/wp\/v2\/types\/post"}],"author":[{"embeddable":true,"href":"http:\/\/staging.ibermusicas.org\/index.php\/wp-json\/wp\/v2\/users\/1"}],"replies":[{"embeddable":true,"href":"http:\/\/staging.ibermusicas.org\/index.php\/wp-json\/wp\/v2\/comments?post=12915"}],"version-history":[{"count":1,"href":"http:\/\/staging.ibermusicas.org\/index.php\/wp-json\/wp\/v2\/posts\/12915\/revisions"}],"predecessor-version":[{"id":12916,"href":"http:\/\/staging.ibermusicas.org\/index.php\/wp-json\/wp\/v2\/posts\/12915\/revisions\/12916"}],"wp:featuredmedia":[{"embeddable":true,"href":"http:\/\/staging.ibermusicas.org\/index.php\/wp-json\/wp\/v2\/media\/12913"}],"wp:attachment":[{"href":"http:\/\/staging.ibermusicas.org\/index.php\/wp-json\/wp\/v2\/media?parent=12915"}],"wp:term":[{"taxonomy":"category","embeddable":true,"href":"http:\/\/staging.ibermusicas.org\/index.php\/wp-json\/wp\/v2\/categories?post=12915"},{"taxonomy":"post_tag","embeddable":true,"href":"http:\/\/staging.ibermusicas.org\/index.php\/wp-json\/wp\/v2\/tags?post=12915"}],"curies":[{"name":"wp","href":"https:\/\/api.w.org\/{rel}","templated":true}]}}