{"id":12917,"date":"2022-08-16T22:50:26","date_gmt":"2022-08-16T22:50:26","guid":{"rendered":"http:\/\/staging.ibermusicas.org\/?p=12917"},"modified":"2022-08-30T18:23:42","modified_gmt":"2022-08-30T18:23:42","slug":"llega-el-lanzamiento-oficial-de-las-canciones-de-guarani-purahei-de-paraguay","status":"publish","type":"post","link":"http:\/\/staging.ibermusicas.org\/index.php\/llega-el-lanzamiento-oficial-de-las-canciones-de-guarani-purahei-de-paraguay\/","title":{"rendered":"Llega el lanzamiento oficial de las canciones de Guaran\u00ed Purahe\u00ed de Paraguay"},"content":{"rendered":"<p>La propuesta \u00abGuaran\u00ed Purah\u00e9i- Ava \u00d1e\u00b4\u00eb, la Lengua Nativa, con Historia y Cultura\u00bb consisti\u00f3 en producir un material discogr\u00e1fico y audiovisual pedag\u00f3gico &#8211; did\u00e1ctico, con temas musicales in\u00e9ditos en lengua Guaran\u00ed, traducidas al espa\u00f1ol, dirigido a los ni\u00f1os y ni\u00f1as de Paraguay y de toda Iberoam\u00e9rica, con el objeto de difundir esta lengua ancestral latinoamericana y que sea reconocida en el mundo; en gratitud a los originarios que poblaron estas tierras y legaron su historia y su cultura, sus costumbres y sus tradiciones para que\u00a0 permanezcan vivas por siempre.<\/p>\n<p>&nbsp;<\/p>\n<p>El guaran\u00ed, lengua nativa del Paraguay, es conocido como \u201cava \u00f1e\u2019\u1ebd\u201d designaci\u00f3n que le fue dada por los mismos guaran\u00edes, para distinguirlo de la lengua del conquistador, que significa \u201cla lengua del hombre de la raza, la lengua por excelencia\u201d.<\/p>\n<p>&nbsp;<\/p>\n<p>El guaran\u00ed, hablado por aproximadamente el 90% de la poblaci\u00f3n paraguaya, fue la primera lengua ind\u00edgena americana en alcanzar el estatus de idioma oficial. Desde la Independencia, fue utilizado en las diversas instancias gubernamentales, hasta el final de la Guerra de la Triple Alianza cuando lleg\u00f3 a prohibirse su uso. Durante la Guerra del Chaco se utiliz\u00f3 como un recurso de guerra, fue la lengua principal en el Ej\u00e9rcito paraguayo. A partir de la Constituci\u00f3n de 1967, la lengua guaran\u00ed es reconocida como lengua nacional y el castellano la lengua oficial de la Rep\u00fablica del Paraguay. Con la promulgaci\u00f3n de la Constituci\u00f3n del 1992, ambas lenguas est\u00e1n declaradas oficiales. Actualmente es tambi\u00e9n uno de los idiomas oficiales del Mercosur.<\/p>\n<p>&nbsp;<\/p>\n<p>Es la lengua nativa de los guaran\u00edes, denominaci\u00f3n de los pueblos originarios de la zona. Sus variantes modernas, como el guaran\u00ed paraguayo y el guaran\u00ed correntino (perteneciendo ambas subvariedades, a la variedad conocida como \u00abguaran\u00ed criollo\u00bb, la cual tiene sus or\u00edgenes en la misiones jesu\u00edticas guaran\u00edes), poseen un amplio uso entre poblaciones mestizas, y no ind\u00edgenas propiamente dichas. En la Am\u00e9rica precolonial, fue habitualmente empleado por pueblos que viv\u00edan al este de la Cordillera de los Andes, aproximadamente desde el mar Caribe hasta el R\u00edo de la Plata. El Yopar\u00e1 -mezcla de este idioma con el espa\u00f1ol- es muy com\u00fan actualmente.<\/p>\n<p>&nbsp;<\/p>\n<p>Las lenguas ind\u00edgenas son un legado invaluable de conocimientos ancestrales, por ello se debe defender el derecho de los pueblos ind\u00edgenas a hablar sus idiomas y respetar sus formas de vida. Paraguay es un pa\u00eds \u00fanico en el que la gran mayor\u00eda de los ciudadanos puede comunicarse en una lengua ind\u00edgena (guaran\u00ed) a todos los niveles .<\/p>\n<p><strong>\u00a0<\/strong><\/p>\n<p><em>Las lenguas son el veh\u00edculo que utilizamos para comunicarnos y est\u00e1n \u00edntimamente ligadas a nuestra cultura, nuestra historia y nuestra identidad. Casi la mitad de las 6700 lenguas que se calcula que hay en el mundo, en su mayor\u00eda lenguas ind\u00edgenas, est\u00e1n en peligro de desaparecer. Con cada lengua que desaparece, el mundo pierde un acervo de saber tradicional\u201d(Ant\u00f3nio Guterres- Secretario General de la ONU).<\/em><\/p>\n<p><strong>\u00a0<\/strong><\/p>\n<p>&nbsp;<\/p>\n<p>Jueves 25 de agosto, 19:30, Auditorio Paran\u00e1, Paraguay<\/p>\n","protected":false},"excerpt":{"rendered":"<p>La propuesta \u00abGuaran\u00ed Purah\u00e9i- Ava \u00d1e\u00b4\u00eb, la Lengua Nativa, con Historia y Cultura\u00bb consisti\u00f3 en producir un material discogr\u00e1fico y audiovisual pedag\u00f3gico &#8211; did\u00e1ctico, con temas musicales in\u00e9ditos en lengua Guaran\u00ed, traducidas al espa\u00f1ol, dirigido a los ni\u00f1os y ni\u00f1as de Paraguay y de toda Iberoam\u00e9rica, con el objeto de difundir esta lengua ancestral latinoamericana [&hellip;]<\/p>\n","protected":false},"author":1,"featured_media":12918,"comment_status":"closed","ping_status":"closed","sticky":false,"template":"","format":"standard","meta":{"footnotes":""},"categories":[53],"tags":[],"class_list":["post-12917","post","type-post","status-publish","format-standard","has-post-thumbnail","hentry","category-noticias-generales"],"lang":"es","translations":{"es":12917,"pt":12920},"pll_sync_post":[],"post_mailing_queue_ids":[],"_links":{"self":[{"href":"http:\/\/staging.ibermusicas.org\/index.php\/wp-json\/wp\/v2\/posts\/12917","targetHints":{"allow":["GET"]}}],"collection":[{"href":"http:\/\/staging.ibermusicas.org\/index.php\/wp-json\/wp\/v2\/posts"}],"about":[{"href":"http:\/\/staging.ibermusicas.org\/index.php\/wp-json\/wp\/v2\/types\/post"}],"author":[{"embeddable":true,"href":"http:\/\/staging.ibermusicas.org\/index.php\/wp-json\/wp\/v2\/users\/1"}],"replies":[{"embeddable":true,"href":"http:\/\/staging.ibermusicas.org\/index.php\/wp-json\/wp\/v2\/comments?post=12917"}],"version-history":[{"count":1,"href":"http:\/\/staging.ibermusicas.org\/index.php\/wp-json\/wp\/v2\/posts\/12917\/revisions"}],"predecessor-version":[{"id":12919,"href":"http:\/\/staging.ibermusicas.org\/index.php\/wp-json\/wp\/v2\/posts\/12917\/revisions\/12919"}],"wp:featuredmedia":[{"embeddable":true,"href":"http:\/\/staging.ibermusicas.org\/index.php\/wp-json\/wp\/v2\/media\/12918"}],"wp:attachment":[{"href":"http:\/\/staging.ibermusicas.org\/index.php\/wp-json\/wp\/v2\/media?parent=12917"}],"wp:term":[{"taxonomy":"category","embeddable":true,"href":"http:\/\/staging.ibermusicas.org\/index.php\/wp-json\/wp\/v2\/categories?post=12917"},{"taxonomy":"post_tag","embeddable":true,"href":"http:\/\/staging.ibermusicas.org\/index.php\/wp-json\/wp\/v2\/tags?post=12917"}],"curies":[{"name":"wp","href":"https:\/\/api.w.org\/{rel}","templated":true}]}}