{"id":12922,"date":"2022-08-16T22:53:12","date_gmt":"2022-08-16T22:53:12","guid":{"rendered":"http:\/\/staging.ibermusicas.org\/?p=12922"},"modified":"2022-08-30T18:23:35","modified_gmt":"2022-08-30T18:23:35","slug":"ya-se-puede-acceder-al-live-cacador-de-infancia-de-grazie-wirtti-brasil-y-matias-arriazu-argentina","status":"publish","type":"post","link":"http:\/\/staging.ibermusicas.org\/index.php\/ya-se-puede-acceder-al-live-cacador-de-infancia-de-grazie-wirtti-brasil-y-matias-arriazu-argentina\/","title":{"rendered":"Ya se puede acceder al live \u201cCa\u00e7ador de Inf\u00e2ncia\u201d de Grazie Wirtti (Brasil) y Mat\u00edas Arriazu (Argentina)"},"content":{"rendered":"<p>\u00abCa\u00e7ador de Inf\u00e2ncia\u00bb es un concierto del d\u00fao compuesto por Grazie Wirtti (Brasil) y Matias Arriazu (Argentina). El espect\u00e1culo se realiz\u00f3 on line y en estudio en la ciudad de Porto Alegre, Rio Grande do Sul.<\/p>\n<p>&nbsp;<\/p>\n<p>La idea del \u00e1lbum \u00abCa\u00e7ador de Inf\u00e2ncia\u00bb comenz\u00f3 en 2009 cuando la cantante y compositora Grazie Wirtti pas\u00f3 por la experiencia de vivir en Buenos Aires, Argentina, para ampliar su investigaci\u00f3n en la m\u00fasica popular argentina y latinoamericana, por voluntad propia. Siempre influenciada por una cultura que impregna y bordea Rio Grande do Sul, el estado donde naci\u00f3, con los pa\u00edses \u00abdel Plata\u00bb (Argentina, Uruguay y Paraguay).<\/p>\n<p>&nbsp;<\/p>\n<p>Al llegar a la capital porte\u00f1a, Grazie conoci\u00f3 al guitarrista, compositor y arreglador\u00a0 Mat\u00edas Arriazu, nacido en Argentina. La conexi\u00f3n y la sinergia musical de ambos fue inmediata, dando lugar al impulso de iniciar una asociaci\u00f3n de composiciones que se extiende hasta hoy, cada vez m\u00e1s madura y con una inmensa complicidad.<\/p>\n<p>&nbsp;<\/p>\n<p>Poco tiempo despu\u00e9s montaron un espect\u00e1culo y comenzaron a actuar para el p\u00fablico argentino, brasile\u00f1o y europeo, que recibi\u00f3 con grata sorpresa la mezcla cultural que all\u00ed se presenta de forma tan homog\u00e9nea, natural y \u00fanica.<\/p>\n<p>&nbsp;<\/p>\n<p>Mat\u00edas Arriazu es un m\u00fasico de rara habilidad y talento con su instrumento, la guitarra, que comenz\u00f3 con 7 cuerdas, bajo la influencia de la m\u00fasica brasile\u00f1a, un g\u00e9nero muy apreciado en su pa\u00eds. Luego se ampli\u00f3 a 8 cuerdas, debido a su necesidad de expansi\u00f3n y de posibilidades arm\u00f3nicas y texturas que van m\u00e1s all\u00e1 de los l\u00edmites de un instrumento com\u00fan, para aportar al trabajo del d\u00fao una sonoridad espec\u00edfica. Adem\u00e1s, Mat\u00edas es un m\u00fasico universal sin perder la influencia de su territorio, habiendo estudiado profundamente los fundamentos de la m\u00fasica europea contempor\u00e1nea, el jazz y la m\u00fasica brasile\u00f1a.<\/p>\n<p>&nbsp;<\/p>\n<p>Grazie Wirtti es una cantante\/int\u00e9rprete de profesi\u00f3n, con una amplia experiencia, ya que empez\u00f3 a cantar en p\u00fablico cuando s\u00f3lo ten\u00eda 7 a\u00f1os. Form\u00f3 parte de la \u00abGera\u00e7\u00e3o Semente\u00bb (Generaci\u00f3n Semilla) de R\u00edo de Janeiro, un importante movimiento de revitalizaci\u00f3n de la escena musical carioca. Su canto tiene una personalidad org\u00e1nica y \u00fanica, pero tambi\u00e9n lleva en s\u00ed misma el don de la escritura y la poes\u00eda, influenciada por la literatura brasile\u00f1a, portuguesa y latinoamericana.<\/p>\n<p>&nbsp;<\/p>\n<p>Tras diez a\u00f1os de intenso trabajo, el d\u00fao fue descubierto por el m\u00fasico Egberto Gismonti a trav\u00e9s de Internet. Adem\u00e1s de invitarles a una participaci\u00f3n especial en su concierto, Gismonti les propuso ser el productor de su primer \u00e1lbum, junto con el sello alem\u00e1n ECM Records, que se encarg\u00f3 de distribuir los discos f\u00edsicos a 42 pa\u00edses, entre ellos Europa, Asia y Estados Unidos, y Universal Music, que distribuye a todas las plataformas digitales. El \u00e1lbum titulado \u201cCa\u00e7ador de Inf\u00e2ncia\u201d, fue lanzado en septiembre de 2019.<\/p>\n<p>&nbsp;<\/p>\n<p>&nbsp;<\/p>\n<p>Ver y o\u00edr en: \u00a0<a href=\"https:\/\/www.youtube.com\/watch?v=LaTNsZH8zNQ&amp;t=759s\">htt<\/a><a href=\"https:\/\/www.youtube.com\/watch?v=LaTNsZH8zNQ&amp;t=759s\">ps:\/\/www.youtube.com\/watch?v=LaTNsZH8zNQ&amp;t=759s<\/a><\/p>\n","protected":false},"excerpt":{"rendered":"<p>\u00abCa\u00e7ador de Inf\u00e2ncia\u00bb es un concierto del d\u00fao compuesto por Grazie Wirtti (Brasil) y Matias Arriazu (Argentina). El espect\u00e1culo se realiz\u00f3 on line y en estudio en la ciudad de Porto Alegre, Rio Grande do Sul. &nbsp; La idea del \u00e1lbum \u00abCa\u00e7ador de Inf\u00e2ncia\u00bb comenz\u00f3 en 2009 cuando la cantante y compositora Grazie Wirtti pas\u00f3 [&hellip;]<\/p>\n","protected":false},"author":1,"featured_media":12923,"comment_status":"closed","ping_status":"closed","sticky":false,"template":"","format":"standard","meta":{"footnotes":""},"categories":[53],"tags":[],"class_list":["post-12922","post","type-post","status-publish","format-standard","has-post-thumbnail","hentry","category-noticias-generales"],"lang":"es","translations":{"es":12922,"pt":12925},"pll_sync_post":[],"post_mailing_queue_ids":[],"_links":{"self":[{"href":"http:\/\/staging.ibermusicas.org\/index.php\/wp-json\/wp\/v2\/posts\/12922","targetHints":{"allow":["GET"]}}],"collection":[{"href":"http:\/\/staging.ibermusicas.org\/index.php\/wp-json\/wp\/v2\/posts"}],"about":[{"href":"http:\/\/staging.ibermusicas.org\/index.php\/wp-json\/wp\/v2\/types\/post"}],"author":[{"embeddable":true,"href":"http:\/\/staging.ibermusicas.org\/index.php\/wp-json\/wp\/v2\/users\/1"}],"replies":[{"embeddable":true,"href":"http:\/\/staging.ibermusicas.org\/index.php\/wp-json\/wp\/v2\/comments?post=12922"}],"version-history":[{"count":1,"href":"http:\/\/staging.ibermusicas.org\/index.php\/wp-json\/wp\/v2\/posts\/12922\/revisions"}],"predecessor-version":[{"id":12924,"href":"http:\/\/staging.ibermusicas.org\/index.php\/wp-json\/wp\/v2\/posts\/12922\/revisions\/12924"}],"wp:featuredmedia":[{"embeddable":true,"href":"http:\/\/staging.ibermusicas.org\/index.php\/wp-json\/wp\/v2\/media\/12923"}],"wp:attachment":[{"href":"http:\/\/staging.ibermusicas.org\/index.php\/wp-json\/wp\/v2\/media?parent=12922"}],"wp:term":[{"taxonomy":"category","embeddable":true,"href":"http:\/\/staging.ibermusicas.org\/index.php\/wp-json\/wp\/v2\/categories?post=12922"},{"taxonomy":"post_tag","embeddable":true,"href":"http:\/\/staging.ibermusicas.org\/index.php\/wp-json\/wp\/v2\/tags?post=12922"}],"curies":[{"name":"wp","href":"https:\/\/api.w.org\/{rel}","templated":true}]}}