{"id":12925,"date":"2022-08-16T22:55:07","date_gmt":"2022-08-16T22:55:07","guid":{"rendered":"http:\/\/staging.ibermusicas.org\/?p=12925"},"modified":"2022-08-30T18:28:21","modified_gmt":"2022-08-30T18:28:21","slug":"ya-se-puede-acceder-al-live-cacador-de-infancia-de-grazie-wirtti-brasil-y-matias-arriazu-argentina-2","status":"publish","type":"post","link":"http:\/\/staging.ibermusicas.org\/index.php\/ya-se-puede-acceder-al-live-cacador-de-infancia-de-grazie-wirtti-brasil-y-matias-arriazu-argentina-2\/","title":{"rendered":"Ya se puede acceder al live \u201cCa\u00e7ador de Inf\u00e2ncia\u201d de Grazie Wirtti (Brasil) y Mat\u00edas Arriazu (Argentina)"},"content":{"rendered":"<p>J\u00e1 est\u00e1 dispon\u00edvel o acesso ao live \u201cCa\u00e7ador de Inf\u00e2ncia\u201d de Grazie Wirtti (Brasil) e Matias Arriazu (Argentina)<\/p>\n<p>\u00abCa\u00e7ador de Inf\u00e2ncia\u00bb \u00e9 um show do duo composto por Grazie Wirtti (Brasil) e Matias Arriazu (Argentina). O show foi feito em formato online e em est\u00fadio na cidade de Porto Alegre, Rio Grande so Sul.<\/p>\n<p>A ideia do disco \u00abCa\u00e7ador de Inf\u00e2ncia\u00bb come\u00e7a em 2009 quando a cantora e compositora ga\u00facha Grazie Wirtti passa pela experi\u00eancia de morar em Buenos Aires, Argentina, com o intuito de ampliar sua pesquisa na m\u00fasica popular argentina e latino-americana, por vontade pr\u00f3pria. Tendo sido desde sempre influenciada por uma cultura que permeia e faz fronteira com o Rio Grande do Sul, estado onde nasceu, com os pa\u00edses \u201cdo Prata\u201d (Argentina, Uruguai e Paraguai).<\/p>\n<p>Chegada \u00e0 capital portenha, Grazie conhece o violonista, compositor e arranjador Matias Arriazu, nascido na Argentina. A conex\u00e3o e sinergia musical dos dois foi imediata, levando ao impulso de come\u00e7arem a parceria de composi\u00e7\u00f5es que se estende at\u00e9 os dias de hoje, cada vez mais maduro e com imensa cumplicidade.<\/p>\n<p>Pouco tempo depois montam um show e come\u00e7am as apresenta\u00e7\u00f5es para o p\u00fablico argentino, brasileiro e europeu, que recebem com agrad\u00e1vel surpresa a mistura cultural que ali se apresenta de forma t\u00e3o homog\u00eanea, natural e singular.<\/p>\n<p>Mat\u00edas Arriazu \u00e9 um m\u00fasico de rara habilidade e talento com seu instrumento, o viol\u00e3o, que come\u00e7ou com 7 cordas, por influ\u00eancia da m\u00fasica brasileira, g\u00eanero muito apreciado em seu pa\u00eds. Depois ampliou para 8 cordas, devido a sua necessidade de expans\u00e3o e possibilidades harm\u00f4nicas e de texturas que ultrapassam os limites de um instrumento comum, para trazer ao trabalho do duo uma sonoridade espec\u00edfica. Al\u00e9m disso, Mat\u00edas \u00e9 um m\u00fasico universal sem perder a influ\u00eancia de seu territ\u00f3rio, tendo estudado profundamente os fundamentos da m\u00fasica europeia contempor\u00e2nea, o jazz e a m\u00fasica brasileira.<\/p>\n<p>Grazie Wirtti \u00e9 uma cantora\/int\u00e9rprete de of\u00edcio, com vasta experi\u00eancia, tendo come\u00e7ado a cantar em p\u00fablico com apenas 7 anos de idade. Fez parte da \u201cGera\u00e7\u00e3o Semente\u201d no Rio de Janeiro, importante movimento de revitaliza\u00e7\u00e3o do cen\u00e1rio da m\u00fasica carioca. O canto lhe \u00e9 org\u00e2nico e de personalidade \u00fanica, mas tamb\u00e9m carrega em si o dom da escrita e da poesia, influenciada pela literatura brasileira, portuguesa e latino-americana.<\/p>\n<p>Passados dez anos de intenso trabalho, o duo foi descoberto pelo m\u00fasico Egberto Gismonti, atrav\u00e9s da internet. Al\u00e9m de convid\u00e1-los para uma participa\u00e7\u00e3o especial em seu concerto, Gismonti prop\u00f4s ser o produtor de seu primeiro disco, juntamente com a gravadora alem\u00e3 ECM Records, que ficou respons\u00e1vel por distribuir os discos f\u00edsicos para 42 pa\u00edses incluindo Europa, \u00c1sia e EUA, e a Universal Music que distribui digitalmente para todas as plataformas digitais. O disco intitulado \u201cCa\u00e7ador de Inf\u00e2ncia\u201d, foi lan\u00e7ado em setembro de 2019.<\/p>\n<p>Veja e ou\u00e7a em:\u00a0<a href=\"https:\/\/www.youtube.com\/watch?v=LaTNsZH8zNQ&amp;t=759s\"> https:\/\/www.youtube.com\/watch?v=LaTNsZH8zNQ&amp;t=759s<\/a><\/p>\n","protected":false},"excerpt":{"rendered":"<p>J\u00e1 est\u00e1 dispon\u00edvel o acesso ao live \u201cCa\u00e7ador de Inf\u00e2ncia\u201d de Grazie Wirtti (Brasil) e Matias Arriazu (Argentina) \u00abCa\u00e7ador de Inf\u00e2ncia\u00bb \u00e9 um show do duo composto por Grazie Wirtti (Brasil) e Matias Arriazu (Argentina). O show foi feito em formato online e em est\u00fadio na cidade de Porto Alegre, Rio Grande so Sul. A [&hellip;]<\/p>\n","protected":false},"author":1,"featured_media":12923,"comment_status":"closed","ping_status":"closed","sticky":false,"template":"","format":"standard","meta":{"footnotes":""},"categories":[218],"tags":[],"class_list":["post-12925","post","type-post","status-publish","format-standard","has-post-thumbnail","hentry","category-noticias-generales-pt"],"lang":"pt","translations":{"pt":12925,"es":12922},"pll_sync_post":[],"post_mailing_queue_ids":[],"_links":{"self":[{"href":"http:\/\/staging.ibermusicas.org\/index.php\/wp-json\/wp\/v2\/posts\/12925","targetHints":{"allow":["GET"]}}],"collection":[{"href":"http:\/\/staging.ibermusicas.org\/index.php\/wp-json\/wp\/v2\/posts"}],"about":[{"href":"http:\/\/staging.ibermusicas.org\/index.php\/wp-json\/wp\/v2\/types\/post"}],"author":[{"embeddable":true,"href":"http:\/\/staging.ibermusicas.org\/index.php\/wp-json\/wp\/v2\/users\/1"}],"replies":[{"embeddable":true,"href":"http:\/\/staging.ibermusicas.org\/index.php\/wp-json\/wp\/v2\/comments?post=12925"}],"version-history":[{"count":1,"href":"http:\/\/staging.ibermusicas.org\/index.php\/wp-json\/wp\/v2\/posts\/12925\/revisions"}],"predecessor-version":[{"id":12926,"href":"http:\/\/staging.ibermusicas.org\/index.php\/wp-json\/wp\/v2\/posts\/12925\/revisions\/12926"}],"wp:featuredmedia":[{"embeddable":true,"href":"http:\/\/staging.ibermusicas.org\/index.php\/wp-json\/wp\/v2\/media\/12923"}],"wp:attachment":[{"href":"http:\/\/staging.ibermusicas.org\/index.php\/wp-json\/wp\/v2\/media?parent=12925"}],"wp:term":[{"taxonomy":"category","embeddable":true,"href":"http:\/\/staging.ibermusicas.org\/index.php\/wp-json\/wp\/v2\/categories?post=12925"},{"taxonomy":"post_tag","embeddable":true,"href":"http:\/\/staging.ibermusicas.org\/index.php\/wp-json\/wp\/v2\/tags?post=12925"}],"curies":[{"name":"wp","href":"https:\/\/api.w.org\/{rel}","templated":true}]}}