{"id":12930,"date":"2022-08-16T22:59:14","date_gmt":"2022-08-16T22:59:14","guid":{"rendered":"http:\/\/staging.ibermusicas.org\/?p=12930"},"modified":"2022-08-16T22:59:14","modified_gmt":"2022-08-16T22:59:14","slug":"tecendo-uma-rede-de-flautistas-iberoamericanas-lanca-a-sua-pagina-web","status":"publish","type":"post","link":"http:\/\/staging.ibermusicas.org\/index.php\/tecendo-uma-rede-de-flautistas-iberoamericanas-lanca-a-sua-pagina-web\/","title":{"rendered":"Tecendo uma Rede de Flautistas Iberoamericanas lan\u00e7a a sua p\u00e1gina web"},"content":{"rendered":"<p>\u00abTecendo uma rede de flautistas ibero-americanas\u00bb prop\u00f5e a cria\u00e7\u00e3o de uma rede de mulheres flautistas de diferentes pa\u00edses ibero-americanos: Argentina, Chile, Uruguai, Brasil, Col\u00f4mbia, Venezuela, M\u00e9xico, com a projec\u00e7\u00e3o de, no futuro, incluindo representantes de todos os pa\u00edses. Esta rede assumir\u00e1 o compromisso de consolidar o repert\u00f3rio acad\u00eamico para a flauta criada na regi\u00e3o, contribuindo para a aprecia\u00e7\u00e3o, apropria\u00e7\u00e3o, circula\u00e7\u00e3o e divulga\u00e7\u00e3o da nossa m\u00fasica. Da mesma forma, este espa\u00e7o encorajar\u00e1 a partilha transversal de conhecimentos e experi\u00eancias para futuras colabora\u00e7\u00f5es art\u00edsticas e acad\u00eamicas.<\/p>\n<p>Esta rede pretende ser uma semente que crescer\u00e1, convidando todas as mulheres flautistas de cada pa\u00eds que desejem juntar-se \u00e0 rede, em actividades que promovam a realiza\u00e7\u00e3o dos objectivos propostos.<\/p>\n<p>www.flautalatinoamerica.com<\/p>\n","protected":false},"excerpt":{"rendered":"<p>\u00abTecendo uma rede de flautistas ibero-americanas\u00bb prop\u00f5e a cria\u00e7\u00e3o de uma rede de mulheres flautistas de diferentes pa\u00edses ibero-americanos: Argentina, Chile, Uruguai, Brasil, Col\u00f4mbia, Venezuela, M\u00e9xico, com a projec\u00e7\u00e3o de, no futuro, incluindo representantes de todos os pa\u00edses. Esta rede assumir\u00e1 o compromisso de consolidar o repert\u00f3rio acad\u00eamico para a flauta criada na regi\u00e3o, contribuindo [&hellip;]<\/p>\n","protected":false},"author":1,"featured_media":12928,"comment_status":"closed","ping_status":"closed","sticky":false,"template":"","format":"standard","meta":{"footnotes":""},"categories":[218],"tags":[],"class_list":["post-12930","post","type-post","status-publish","format-standard","has-post-thumbnail","hentry","category-noticias-generales-pt"],"lang":"pt","translations":{"pt":12930,"es":12927},"pll_sync_post":[],"post_mailing_queue_ids":[],"_links":{"self":[{"href":"http:\/\/staging.ibermusicas.org\/index.php\/wp-json\/wp\/v2\/posts\/12930","targetHints":{"allow":["GET"]}}],"collection":[{"href":"http:\/\/staging.ibermusicas.org\/index.php\/wp-json\/wp\/v2\/posts"}],"about":[{"href":"http:\/\/staging.ibermusicas.org\/index.php\/wp-json\/wp\/v2\/types\/post"}],"author":[{"embeddable":true,"href":"http:\/\/staging.ibermusicas.org\/index.php\/wp-json\/wp\/v2\/users\/1"}],"replies":[{"embeddable":true,"href":"http:\/\/staging.ibermusicas.org\/index.php\/wp-json\/wp\/v2\/comments?post=12930"}],"version-history":[{"count":1,"href":"http:\/\/staging.ibermusicas.org\/index.php\/wp-json\/wp\/v2\/posts\/12930\/revisions"}],"predecessor-version":[{"id":12931,"href":"http:\/\/staging.ibermusicas.org\/index.php\/wp-json\/wp\/v2\/posts\/12930\/revisions\/12931"}],"wp:featuredmedia":[{"embeddable":true,"href":"http:\/\/staging.ibermusicas.org\/index.php\/wp-json\/wp\/v2\/media\/12928"}],"wp:attachment":[{"href":"http:\/\/staging.ibermusicas.org\/index.php\/wp-json\/wp\/v2\/media?parent=12930"}],"wp:term":[{"taxonomy":"category","embeddable":true,"href":"http:\/\/staging.ibermusicas.org\/index.php\/wp-json\/wp\/v2\/categories?post=12930"},{"taxonomy":"post_tag","embeddable":true,"href":"http:\/\/staging.ibermusicas.org\/index.php\/wp-json\/wp\/v2\/tags?post=12930"}],"curies":[{"name":"wp","href":"https:\/\/api.w.org\/{rel}","templated":true}]}}