{"id":12935,"date":"2022-08-16T23:01:08","date_gmt":"2022-08-16T23:01:08","guid":{"rendered":"http:\/\/staging.ibermusicas.org\/?p=12935"},"modified":"2022-08-16T23:01:08","modified_gmt":"2022-08-16T23:01:08","slug":"da-argentina-vem-uma-previa-de-tributo-a-mercedes-sosa-2","status":"publish","type":"post","link":"http:\/\/staging.ibermusicas.org\/index.php\/da-argentina-vem-uma-previa-de-tributo-a-mercedes-sosa-2\/","title":{"rendered":"Da Argentina vem uma pr\u00e9via de \u00abTributo \u00e0 Mercedes Sosa\u00bb"},"content":{"rendered":"<p>\u00abTributo \u00e0 Mercedes Sosa\u00bb \u00e9 um projeto que envolve m\u00fasicos de Portugal, M\u00e9xico e Argentina que ser\u00e1 apresentado virtualmente em Dezembro. Alguns dos artistas que fazem parte do projeto estar\u00e3o em Buenos Aires para atuar na Funda\u00e7\u00e3o Mercedes Sosa para a Cultura.<\/p>\n<p>A cantora mexicana Claudia Cota G\u00e1mez far\u00e1 uma pr\u00e9via do projeto, que presta homenagem a uma das artistas musicais mais importantes da Am\u00e9rica do Sul, que n\u00e3o foi em v\u00e3o chamada \u00abA Voz da Am\u00e9rica\u00bb. A cantora argentina Mercedes Sosa foi uma artista \u00fanica cujo trabalho incans\u00e1vel levou a m\u00fasica argentina e sul-americana aos palcos mais importantes do mundo.<\/p>\n<p>Quinta-feira, 18 de agosto, 18:00 hs, Anfiteatro Parque Centenario, Cidade de Buenos Aires, Argentina<\/p>\n","protected":false},"excerpt":{"rendered":"<p>\u00abTributo \u00e0 Mercedes Sosa\u00bb \u00e9 um projeto que envolve m\u00fasicos de Portugal, M\u00e9xico e Argentina que ser\u00e1 apresentado virtualmente em Dezembro. Alguns dos artistas que fazem parte do projeto estar\u00e3o em Buenos Aires para atuar na Funda\u00e7\u00e3o Mercedes Sosa para a Cultura. A cantora mexicana Claudia Cota G\u00e1mez far\u00e1 uma pr\u00e9via do projeto, que presta [&hellip;]<\/p>\n","protected":false},"author":1,"featured_media":12933,"comment_status":"closed","ping_status":"closed","sticky":false,"template":"","format":"standard","meta":{"footnotes":""},"categories":[218],"tags":[],"class_list":["post-12935","post","type-post","status-publish","format-standard","has-post-thumbnail","hentry","category-noticias-generales-pt"],"lang":"pt","translations":{"pt":12935,"es":12932},"pll_sync_post":[],"post_mailing_queue_ids":[],"_links":{"self":[{"href":"http:\/\/staging.ibermusicas.org\/index.php\/wp-json\/wp\/v2\/posts\/12935","targetHints":{"allow":["GET"]}}],"collection":[{"href":"http:\/\/staging.ibermusicas.org\/index.php\/wp-json\/wp\/v2\/posts"}],"about":[{"href":"http:\/\/staging.ibermusicas.org\/index.php\/wp-json\/wp\/v2\/types\/post"}],"author":[{"embeddable":true,"href":"http:\/\/staging.ibermusicas.org\/index.php\/wp-json\/wp\/v2\/users\/1"}],"replies":[{"embeddable":true,"href":"http:\/\/staging.ibermusicas.org\/index.php\/wp-json\/wp\/v2\/comments?post=12935"}],"version-history":[{"count":1,"href":"http:\/\/staging.ibermusicas.org\/index.php\/wp-json\/wp\/v2\/posts\/12935\/revisions"}],"predecessor-version":[{"id":12936,"href":"http:\/\/staging.ibermusicas.org\/index.php\/wp-json\/wp\/v2\/posts\/12935\/revisions\/12936"}],"wp:featuredmedia":[{"embeddable":true,"href":"http:\/\/staging.ibermusicas.org\/index.php\/wp-json\/wp\/v2\/media\/12933"}],"wp:attachment":[{"href":"http:\/\/staging.ibermusicas.org\/index.php\/wp-json\/wp\/v2\/media?parent=12935"}],"wp:term":[{"taxonomy":"category","embeddable":true,"href":"http:\/\/staging.ibermusicas.org\/index.php\/wp-json\/wp\/v2\/categories?post=12935"},{"taxonomy":"post_tag","embeddable":true,"href":"http:\/\/staging.ibermusicas.org\/index.php\/wp-json\/wp\/v2\/tags?post=12935"}],"curies":[{"name":"wp","href":"https:\/\/api.w.org\/{rel}","templated":true}]}}