{"id":12937,"date":"2022-08-16T23:04:19","date_gmt":"2022-08-16T23:04:19","guid":{"rendered":"http:\/\/staging.ibermusicas.org\/?p=12937"},"modified":"2022-08-16T23:04:19","modified_gmt":"2022-08-16T23:04:19","slug":"llega-una-nueva-clase-impartida-desde-el-festival-internacional-de-musicas-de-alturas-de-peru","status":"publish","type":"post","link":"http:\/\/staging.ibermusicas.org\/index.php\/llega-una-nueva-clase-impartida-desde-el-festival-internacional-de-musicas-de-alturas-de-peru\/","title":{"rendered":"Llega una nueva clase impartida desde el Festival Internacional de M\u00fasicas de Alturas de Per\u00fa"},"content":{"rendered":"<p>\u201cM\u00fasica y turismo rural comunitario, un v\u00ednculo de identidad e inclusi\u00f3n\u201d a cargo de Richard Baz\u00e1n (Fundaci\u00f3n Peruana de Turismo Social -FPTS-) y Amilcar del Castillo (Asociaci\u00f3n \u201cPiel de Sal\u201d &#8211; Maras, Cusco) es el tema de la nueva clase que ser\u00e1 dada desde el Festival Internacional de M\u00fasicas de Alturas (FIMA) en coorganizaci\u00f3n con la Fundaci\u00f3n Peruana de Turismo Social (FPTS) y UNESCO Per\u00fa,<\/p>\n<p>Los ponentes de esta clase maestra tendr\u00e1n una discusi\u00f3n abierta sobre la importancia que ha adquirido -sobretodo en los \u00faltimos a\u00f1os- el turismo rural comunitario en la valoraci\u00f3n y reafirmaci\u00f3n de la identidad basada en el patrimonio musical dentro y fuera de la comunidad de Maras (Urubamba, Cusco). Asimismo, analizar\u00e1n cu\u00e1les son los retos en t\u00e9rminos de inclusi\u00f3n para la sostenibilidad de este notable esfuerzo.<\/p>\n<p>El ciclo de clases maestras 2022 se desarrolla en el marco del proyecto \u201cFIMA camino a la edici\u00f3n presencial\u201d, con el objetivo de profundizar en la cultura de monta\u00f1as y en el impacto social de la m\u00fasica de monta\u00f1as, alineadas a los Objetivos de Desarrollo Sostenible (ODS).<\/p>\n<p>S\u00e1bado 27 de agosto 18.00 hs. (hora de Per\u00fa)<br \/>\nInscripci\u00f3n previa en: https:\/\/forms.gle\/w2cyMboE6Q7LGfyS8<\/p>\n","protected":false},"excerpt":{"rendered":"<p>\u201cM\u00fasica y turismo rural comunitario, un v\u00ednculo de identidad e inclusi\u00f3n\u201d a cargo de Richard Baz\u00e1n (Fundaci\u00f3n Peruana de Turismo Social -FPTS-) y Amilcar del Castillo (Asociaci\u00f3n \u201cPiel de Sal\u201d &#8211; Maras, Cusco) es el tema de la nueva clase que ser\u00e1 dada desde el Festival Internacional de M\u00fasicas de Alturas (FIMA) en coorganizaci\u00f3n con [&hellip;]<\/p>\n","protected":false},"author":1,"featured_media":12938,"comment_status":"closed","ping_status":"closed","sticky":false,"template":"","format":"standard","meta":{"footnotes":""},"categories":[53],"tags":[],"class_list":["post-12937","post","type-post","status-publish","format-standard","has-post-thumbnail","hentry","category-noticias-generales"],"lang":"es","translations":{"es":12937,"pt":12940},"pll_sync_post":[],"post_mailing_queue_ids":[],"_links":{"self":[{"href":"http:\/\/staging.ibermusicas.org\/index.php\/wp-json\/wp\/v2\/posts\/12937","targetHints":{"allow":["GET"]}}],"collection":[{"href":"http:\/\/staging.ibermusicas.org\/index.php\/wp-json\/wp\/v2\/posts"}],"about":[{"href":"http:\/\/staging.ibermusicas.org\/index.php\/wp-json\/wp\/v2\/types\/post"}],"author":[{"embeddable":true,"href":"http:\/\/staging.ibermusicas.org\/index.php\/wp-json\/wp\/v2\/users\/1"}],"replies":[{"embeddable":true,"href":"http:\/\/staging.ibermusicas.org\/index.php\/wp-json\/wp\/v2\/comments?post=12937"}],"version-history":[{"count":1,"href":"http:\/\/staging.ibermusicas.org\/index.php\/wp-json\/wp\/v2\/posts\/12937\/revisions"}],"predecessor-version":[{"id":12939,"href":"http:\/\/staging.ibermusicas.org\/index.php\/wp-json\/wp\/v2\/posts\/12937\/revisions\/12939"}],"wp:featuredmedia":[{"embeddable":true,"href":"http:\/\/staging.ibermusicas.org\/index.php\/wp-json\/wp\/v2\/media\/12938"}],"wp:attachment":[{"href":"http:\/\/staging.ibermusicas.org\/index.php\/wp-json\/wp\/v2\/media?parent=12937"}],"wp:term":[{"taxonomy":"category","embeddable":true,"href":"http:\/\/staging.ibermusicas.org\/index.php\/wp-json\/wp\/v2\/categories?post=12937"},{"taxonomy":"post_tag","embeddable":true,"href":"http:\/\/staging.ibermusicas.org\/index.php\/wp-json\/wp\/v2\/tags?post=12937"}],"curies":[{"name":"wp","href":"https:\/\/api.w.org\/{rel}","templated":true}]}}