{"id":12940,"date":"2022-08-16T23:05:45","date_gmt":"2022-08-16T23:05:45","guid":{"rendered":"http:\/\/staging.ibermusicas.org\/?p=12940"},"modified":"2022-08-16T23:05:45","modified_gmt":"2022-08-16T23:05:45","slug":"uma-nova-aula-esta-a-chegar-do-festival-internacional-de-musica-das-terras-altas-no-peru","status":"publish","type":"post","link":"http:\/\/staging.ibermusicas.org\/index.php\/uma-nova-aula-esta-a-chegar-do-festival-internacional-de-musica-das-terras-altas-no-peru\/","title":{"rendered":"Uma nova aula est\u00e1 a chegar do Festival Internacional de M\u00fasica das Terras Altas no Peru"},"content":{"rendered":"<p>\u00abM\u00fasica e turismo comunit\u00e1rio rural, um elo de identidade e inclus\u00e3o\u00bb de Richard Baz\u00e1n (Fundaci\u00f3n Peruana de Turismo Social -FPTS-) e Amilcar del Castillo (Asociaci\u00f3n \u00abPiel de Sal\u00bb &#8211; Maras, Cusco) \u00e9 o tema da nova aula que ser\u00e1 dada pelo Festival Internacional de M\u00fasicas de Alturas (FIMA) em co-organiza\u00e7\u00e3o com a Fundaci\u00f3n Peruana de Turismo Social (FPTS) e UNESCO Peru.<\/p>\n<p>Os oradores desta master class ter\u00e3o uma discuss\u00e3o aberta sobre a import\u00e2ncia que o turismo rural baseado na comunidade adquiriu &#8211; especialmente nos \u00faltimos anos &#8211; na valoriza\u00e7\u00e3o e reafirma\u00e7\u00e3o da identidade baseada no patrim\u00f3nio musical dentro e fora da comunidade de Maras (Urubamba, Cusco). Discutir\u00e3o tamb\u00e9m quais s\u00e3o os desafios em termos de inclus\u00e3o para a sustentabilidade deste not\u00e1vel esfor\u00e7o.<\/p>\n<p>A s\u00e9rie de masterclass 2022 \u00e9 desenvolvida no \u00e2mbito do projecto \u00abFIMA a caminho da edi\u00e7\u00e3o in situ\u00bb, com o objectivo de aprofundar a compreens\u00e3o da cultura de montanha e do impacto social da m\u00fasica de montanha, alinhada com os Objectivos de Desenvolvimento Sustent\u00e1vel (ODS).<\/p>\n<p>S\u00e1bado 27 de Agosto 18.00 hs (hora peruana)<br \/>\nPr\u00e9-registo em: https:\/\/forms.gle\/w2cyMboE6Q7LGfyS8<\/p>\n","protected":false},"excerpt":{"rendered":"<p>\u00abM\u00fasica e turismo comunit\u00e1rio rural, um elo de identidade e inclus\u00e3o\u00bb de Richard Baz\u00e1n (Fundaci\u00f3n Peruana de Turismo Social -FPTS-) e Amilcar del Castillo (Asociaci\u00f3n \u00abPiel de Sal\u00bb &#8211; Maras, Cusco) \u00e9 o tema da nova aula que ser\u00e1 dada pelo Festival Internacional de M\u00fasicas de Alturas (FIMA) em co-organiza\u00e7\u00e3o com a Fundaci\u00f3n Peruana de [&hellip;]<\/p>\n","protected":false},"author":1,"featured_media":12938,"comment_status":"closed","ping_status":"closed","sticky":false,"template":"","format":"standard","meta":{"footnotes":""},"categories":[218],"tags":[],"class_list":["post-12940","post","type-post","status-publish","format-standard","has-post-thumbnail","hentry","category-noticias-generales-pt"],"lang":"pt","translations":{"pt":12940,"es":12937},"pll_sync_post":[],"post_mailing_queue_ids":[],"_links":{"self":[{"href":"http:\/\/staging.ibermusicas.org\/index.php\/wp-json\/wp\/v2\/posts\/12940","targetHints":{"allow":["GET"]}}],"collection":[{"href":"http:\/\/staging.ibermusicas.org\/index.php\/wp-json\/wp\/v2\/posts"}],"about":[{"href":"http:\/\/staging.ibermusicas.org\/index.php\/wp-json\/wp\/v2\/types\/post"}],"author":[{"embeddable":true,"href":"http:\/\/staging.ibermusicas.org\/index.php\/wp-json\/wp\/v2\/users\/1"}],"replies":[{"embeddable":true,"href":"http:\/\/staging.ibermusicas.org\/index.php\/wp-json\/wp\/v2\/comments?post=12940"}],"version-history":[{"count":1,"href":"http:\/\/staging.ibermusicas.org\/index.php\/wp-json\/wp\/v2\/posts\/12940\/revisions"}],"predecessor-version":[{"id":12941,"href":"http:\/\/staging.ibermusicas.org\/index.php\/wp-json\/wp\/v2\/posts\/12940\/revisions\/12941"}],"wp:featuredmedia":[{"embeddable":true,"href":"http:\/\/staging.ibermusicas.org\/index.php\/wp-json\/wp\/v2\/media\/12938"}],"wp:attachment":[{"href":"http:\/\/staging.ibermusicas.org\/index.php\/wp-json\/wp\/v2\/media?parent=12940"}],"wp:term":[{"taxonomy":"category","embeddable":true,"href":"http:\/\/staging.ibermusicas.org\/index.php\/wp-json\/wp\/v2\/categories?post=12940"},{"taxonomy":"post_tag","embeddable":true,"href":"http:\/\/staging.ibermusicas.org\/index.php\/wp-json\/wp\/v2\/tags?post=12940"}],"curies":[{"name":"wp","href":"https:\/\/api.w.org\/{rel}","templated":true}]}}