{"id":13108,"date":"2022-08-30T18:33:03","date_gmt":"2022-08-30T18:33:03","guid":{"rendered":"http:\/\/staging.ibermusicas.org\/?p=13108"},"modified":"2022-10-03T02:26:38","modified_gmt":"2022-10-03T02:26:38","slug":"paraguay-invita-a-investigadores-docentes-y-estudiantes-avanzados-de-musica-a-la-presentacion-de-ponencias-para-el-2do-simposio-de-la-musica-en-el-paraguay-la-guarania-patrimonio-cultural","status":"publish","type":"post","link":"http:\/\/staging.ibermusicas.org\/index.php\/paraguay-invita-a-investigadores-docentes-y-estudiantes-avanzados-de-musica-a-la-presentacion-de-ponencias-para-el-2do-simposio-de-la-musica-en-el-paraguay-la-guarania-patrimonio-cultural\/","title":{"rendered":"Paraguay invita a investigadores, docentes y estudiantes avanzados de m\u00fasica a la presentaci\u00f3n de ponencias para el \u201c2do. Simposio de la M\u00fasica en el Paraguay: La Guarania, Patrimonio Cultural Inmaterial del Paraguay"},"content":{"rendered":"<p><span style=\"font-weight: 400;\">Se trata de una convocatoria destinada a investigadores, docentes y estudiantes avanzados de m\u00fasica para la presentaci\u00f3n de ponencias para el \u201c2do. Simposio de la M\u00fasica en el Paraguay: La Guarania, Patrimonio Cultural Inmaterial del Paraguay\u201d.\u00a0<\/span><\/p>\n<p><span style=\"font-weight: 400;\">Con el lema \u201cTaipu rory \u00f1ane remiandu\u201d, la actividad tendr\u00e1 lugar en el mes de noviembre. Reunir\u00e1 a m\u00fasicos y estudiosos de la m\u00fasica del Paraguay en torno a una reflexi\u00f3n profunda sobre la Guarania, para apoyar y acompa\u00f1ar la postulaci\u00f3n de \u00e9ste g\u00e9nero musical como Patrimonio Cultural Inmaterial de la Humanidad, ante la UNESCO.<\/span><\/p>\n<p><span style=\"font-weight: 400;\">Contar\u00e1 con diversos paneles y conferencias, entre ellos uno denominado \u201cLa Guarania en el Contexto Socio-Cultural Actual\u201d cuyos disertantes ser\u00e1n seleccionados a trav\u00e9s de esta convocatoria nacional a la que se puede postular hasta el 30 de septiembre.\u00a0\u00a0<\/span><\/p>\n<p><span style=\"font-weight: 400;\">Bases y condiciones <\/span><a href=\"https:\/\/bit.ly\/3R3MHgc\"><span style=\"font-weight: 400;\">https:\/\/bit.ly\/3R3MHgc<\/span><\/a><span style=\"font-weight: 400;\"> o en <\/span><a href=\"http:\/\/www.cultura.gov.py\"><span style=\"font-weight: 400;\">www.cultura.gov.py<\/span><\/a><\/p>\n<p>&nbsp;<\/p>\n<p><span style=\"font-weight: 400;\">FB: <\/span><a href=\"https:\/\/www.facebook.com\/culturapy\/posts\/pfbid0gC75uaP91QzN1xbh9z6TFefWaGQjTrYrqzYETHya2KXrXGZgQdnzviiWrhdaTbRql\"><span style=\"font-weight: 400;\">https:\/\/www.facebook.com\/culturapy\/posts\/pfbid0gC75uaP91QzN1xbh9z6TFefWaGQjTrYrqzYETHya2KXrXGZgQdnzviiWrhdaTbRql<\/span><\/a><\/p>\n<p>&nbsp;<\/p>\n<p><span style=\"font-weight: 400;\">TW:<\/span><a href=\"https:\/\/twitter.com\/cultura_py\/status\/1564597146409648128?s=20&amp;t=3NveLTUGjSY3yJTCqkFvEw\"> <span style=\"font-weight: 400;\">https:\/\/twitter.com\/cultura_py\/status\/1564597146409648128?s=20&amp;t=3NveLTUGjSY3yJTCqkFvEw<\/span><\/a><\/p>\n<p><span style=\"font-weight: 400;\">IG:<\/span><a href=\"https:\/\/www.instagram.com\/p\/Ch4mRLyvkhJ\/\"> <span style=\"font-weight: 400;\">https:\/\/www.instagram.com\/p\/Ch4mRLyvkhJ\/<\/span><\/a><\/p>\n","protected":false},"excerpt":{"rendered":"<p>Se trata de una convocatoria destinada a investigadores, docentes y estudiantes avanzados de m\u00fasica para la presentaci\u00f3n de ponencias para el \u201c2do. Simposio de la M\u00fasica en el Paraguay: La Guarania, Patrimonio Cultural Inmaterial del Paraguay\u201d.\u00a0 Con el lema \u201cTaipu rory \u00f1ane remiandu\u201d, la actividad tendr\u00e1 lugar en el mes de noviembre. Reunir\u00e1 a m\u00fasicos [&hellip;]<\/p>\n","protected":false},"author":1,"featured_media":13109,"comment_status":"closed","ping_status":"closed","sticky":false,"template":"","format":"standard","meta":{"footnotes":""},"categories":[53],"tags":[],"class_list":["post-13108","post","type-post","status-publish","format-standard","has-post-thumbnail","hentry","category-noticias-generales"],"lang":"es","translations":{"es":13108,"pt":13111},"pll_sync_post":[],"post_mailing_queue_ids":[],"_links":{"self":[{"href":"http:\/\/staging.ibermusicas.org\/index.php\/wp-json\/wp\/v2\/posts\/13108","targetHints":{"allow":["GET"]}}],"collection":[{"href":"http:\/\/staging.ibermusicas.org\/index.php\/wp-json\/wp\/v2\/posts"}],"about":[{"href":"http:\/\/staging.ibermusicas.org\/index.php\/wp-json\/wp\/v2\/types\/post"}],"author":[{"embeddable":true,"href":"http:\/\/staging.ibermusicas.org\/index.php\/wp-json\/wp\/v2\/users\/1"}],"replies":[{"embeddable":true,"href":"http:\/\/staging.ibermusicas.org\/index.php\/wp-json\/wp\/v2\/comments?post=13108"}],"version-history":[{"count":1,"href":"http:\/\/staging.ibermusicas.org\/index.php\/wp-json\/wp\/v2\/posts\/13108\/revisions"}],"predecessor-version":[{"id":13110,"href":"http:\/\/staging.ibermusicas.org\/index.php\/wp-json\/wp\/v2\/posts\/13108\/revisions\/13110"}],"wp:featuredmedia":[{"embeddable":true,"href":"http:\/\/staging.ibermusicas.org\/index.php\/wp-json\/wp\/v2\/media\/13109"}],"wp:attachment":[{"href":"http:\/\/staging.ibermusicas.org\/index.php\/wp-json\/wp\/v2\/media?parent=13108"}],"wp:term":[{"taxonomy":"category","embeddable":true,"href":"http:\/\/staging.ibermusicas.org\/index.php\/wp-json\/wp\/v2\/categories?post=13108"},{"taxonomy":"post_tag","embeddable":true,"href":"http:\/\/staging.ibermusicas.org\/index.php\/wp-json\/wp\/v2\/tags?post=13108"}],"curies":[{"name":"wp","href":"https:\/\/api.w.org\/{rel}","templated":true}]}}