{"id":13116,"date":"2022-08-30T18:46:46","date_gmt":"2022-08-30T18:46:46","guid":{"rendered":"http:\/\/staging.ibermusicas.org\/?p=13116"},"modified":"2022-10-03T02:26:45","modified_gmt":"2022-10-03T02:26:45","slug":"desde-peru-rima-que-rima-nos-invita-a-un-nuevo-encuentro-con-la-poesia-popular-2","status":"publish","type":"post","link":"http:\/\/staging.ibermusicas.org\/index.php\/desde-peru-rima-que-rima-nos-invita-a-un-nuevo-encuentro-con-la-poesia-popular-2\/","title":{"rendered":"Desde Per\u00fa \u201cRima que Rima\u201d nos invita a un nuevo encuentro con la poes\u00eda popular"},"content":{"rendered":"<p>\u201cRima que Rima\u201d propone un taller completo online y gratuito de poes\u00eda improvisada con m\u00fasica tradicional guiado por Mar\u00eda Hayde\u00e9 y Omar Camino, talleristas certificados por la Asociaci\u00f3n Internacional de Formadores nn Verso Improvisado y artistas representantes de Per\u00fa en distintos festivales y encuentros art\u00edsticos y culturales a nivel nacional e internacional.<\/p>\n<p>&nbsp;<\/p>\n<p>El taller estar\u00e1 dirigido a ni\u00f1os, ni\u00f1as y adolescentes, tendr\u00e1 una duraci\u00f3n de 3 meses y medio, constar\u00e1 de tres m\u00f3dulos y se dictar\u00e1 2 veces por semana durante las tardes.<\/p>\n<p>&nbsp;<\/p>\n<ul>\n<li>\u00bfQu\u00e9 capacidades desarrolla el taller? Concentraci\u00f3n, memoria, objetividad del discurso, musicalidad y mejor l\u00e9xico.<\/li>\n<\/ul>\n<p>&nbsp;<\/p>\n<ul>\n<li>\u00bfQu\u00e9 se aprende en \u00e9l? En cuanto a m\u00e9tricas: pr\u00e1ctica en versos que van de las 5 a las 8 s\u00edlabas. En cuanto a estrofas: coplas, cuartetas, redondillas y d\u00e9cimas. En cuanto a g\u00e9neros musicales: matarina, amorfino, socab\u00f3n y una melod\u00eda de marinera lime\u00f1a.<\/li>\n<\/ul>\n<p>&nbsp;<\/p>\n<ul>\n<li>\u00bfHay requisitos? Es indispensable tener muchas ganas de jugar con las palabras, de hacer poes\u00eda, de crear en el momento y, sobre todo, ganas de comprometerse de inicio a fin para garantizar los mejores resultados. No es preciso tener conocimientos previos.<\/li>\n<\/ul>\n<p>&nbsp;<\/p>\n<ul>\n<li>\u00bfHay requerimientos t\u00e9cnicos? Es obligatorio contar con una conexi\u00f3n a internet que nos permita participar con c\u00e1mara y micr\u00f3fono.<\/li>\n<\/ul>\n<p>&nbsp;<\/p>\n<ul>\n<li>\u00bfD\u00f3nde me inscribo? Ni\u00f1os de 8 a 11 a\u00f1os en <a href=\"https:\/\/forms.gle\/iEpF2YEpQb5Y9atP7\">https:\/\/forms.gle\/iEpF2YEpQb5Y9atP7<\/a> y adolescentes de 12 a 16 a\u00f1os en <a href=\"https:\/\/forms.gle\/RbaRo3F4srYwLL1dA\">https:\/\/forms.gle\/RbaRo3F4srYwLL1dA<\/a><\/li>\n<\/ul>\n","protected":false},"excerpt":{"rendered":"<p>\u201cRima que Rima\u201d propone un taller completo online y gratuito de poes\u00eda improvisada con m\u00fasica tradicional guiado por Mar\u00eda Hayde\u00e9 y Omar Camino, talleristas certificados por la Asociaci\u00f3n Internacional de Formadores nn Verso Improvisado y artistas representantes de Per\u00fa en distintos festivales y encuentros art\u00edsticos y culturales a nivel nacional e internacional. &nbsp; El taller [&hellip;]<\/p>\n","protected":false},"author":1,"featured_media":13117,"comment_status":"closed","ping_status":"closed","sticky":false,"template":"","format":"standard","meta":{"footnotes":""},"categories":[53],"tags":[],"class_list":["post-13116","post","type-post","status-publish","format-standard","has-post-thumbnail","hentry","category-noticias-generales"],"lang":"es","translations":{"es":13116,"pt":13119},"pll_sync_post":[],"post_mailing_queue_ids":[],"_links":{"self":[{"href":"http:\/\/staging.ibermusicas.org\/index.php\/wp-json\/wp\/v2\/posts\/13116","targetHints":{"allow":["GET"]}}],"collection":[{"href":"http:\/\/staging.ibermusicas.org\/index.php\/wp-json\/wp\/v2\/posts"}],"about":[{"href":"http:\/\/staging.ibermusicas.org\/index.php\/wp-json\/wp\/v2\/types\/post"}],"author":[{"embeddable":true,"href":"http:\/\/staging.ibermusicas.org\/index.php\/wp-json\/wp\/v2\/users\/1"}],"replies":[{"embeddable":true,"href":"http:\/\/staging.ibermusicas.org\/index.php\/wp-json\/wp\/v2\/comments?post=13116"}],"version-history":[{"count":1,"href":"http:\/\/staging.ibermusicas.org\/index.php\/wp-json\/wp\/v2\/posts\/13116\/revisions"}],"predecessor-version":[{"id":13118,"href":"http:\/\/staging.ibermusicas.org\/index.php\/wp-json\/wp\/v2\/posts\/13116\/revisions\/13118"}],"wp:featuredmedia":[{"embeddable":true,"href":"http:\/\/staging.ibermusicas.org\/index.php\/wp-json\/wp\/v2\/media\/13117"}],"wp:attachment":[{"href":"http:\/\/staging.ibermusicas.org\/index.php\/wp-json\/wp\/v2\/media?parent=13116"}],"wp:term":[{"taxonomy":"category","embeddable":true,"href":"http:\/\/staging.ibermusicas.org\/index.php\/wp-json\/wp\/v2\/categories?post=13116"},{"taxonomy":"post_tag","embeddable":true,"href":"http:\/\/staging.ibermusicas.org\/index.php\/wp-json\/wp\/v2\/tags?post=13116"}],"curies":[{"name":"wp","href":"https:\/\/api.w.org\/{rel}","templated":true}]}}