{"id":13119,"date":"2022-08-30T18:48:22","date_gmt":"2022-08-30T18:48:22","guid":{"rendered":"http:\/\/staging.ibermusicas.org\/?p=13119"},"modified":"2022-10-03T02:33:33","modified_gmt":"2022-10-03T02:33:33","slug":"do-peru-rima-que-rima-nos-convida-para-um-novo-encontro-com-a-poesia-popular","status":"publish","type":"post","link":"http:\/\/staging.ibermusicas.org\/index.php\/do-peru-rima-que-rima-nos-convida-para-um-novo-encontro-com-a-poesia-popular\/","title":{"rendered":"Do Peru, \u00abRima que Rima\u00bb nos convida para um novo encontro com a poesia popular"},"content":{"rendered":"<p>\u00abRima que Rima\u00bb prop\u00f5e uma oficina online gratuita de poesia improvisada com m\u00fasica tradicional guiada por Mar\u00eda Hayde\u00e9 e Omar Camino, l\u00edderes de oficina certificados pela Asociaci\u00f3n Internacional de Formadores en Verso Improvisado e artistas representando o Peru em diferentes festivais e encontros art\u00edsticos e culturais em n\u00edvel nacional e internacional.<\/p>\n<p>&nbsp;<\/p>\n<p>A oficina ser\u00e1 destinada a crian\u00e7as e adolescentes, ter\u00e1 dura\u00e7\u00e3o de 3 meses e meio, consistir\u00e1 em tr\u00eas m\u00f3dulos e ser\u00e1 realizada duas vezes por semana durante as tardes.<\/p>\n<p>&nbsp;<\/p>\n<ul>\n<li>Que habilidades s\u00e3o desenvolvidas na oficina? Concentra\u00e7\u00e3o, mem\u00f3ria, objetividade da fala, musicalidade e vocabul\u00e1rio melhorado.<\/li>\n<\/ul>\n<p>&nbsp;<\/p>\n<ul>\n<li>O que pode se aprende? Em termos de m\u00e9trica: pr\u00e1tica em versos que v\u00e3o de 5 a 8 s\u00edlabas. Em termos de estrofes: coplas, quadras, redondilhas e d\u00e9cimas. Em termos de g\u00eaneros musicais: matarina, amorfino, socab\u00f3n e uma melodia de marinera lime\u00f1a.<\/li>\n<\/ul>\n<p>&nbsp;<\/p>\n<ul>\n<li>Quais s\u00e3o as exig\u00eancias? \u00c9 essencial ter um grande desejo de brincar com as palavras, de fazer poesia, de criar no local e, sobretudo, de se comprometer do in\u00edcio ao fim para garantir os melhores resultados. N\u00e3o \u00e9 necess\u00e1rio nenhum conhecimento pr\u00e9vio.<\/li>\n<\/ul>\n<p>&nbsp;<\/p>\n<ul>\n<li>H\u00e1 algum requisito t\u00e9cnico? \u00c9 obrigat\u00f3rio ter uma conex\u00e3o de Internet que nos permita participar com uma c\u00e2mera e um microfone.<\/li>\n<\/ul>\n<p>&nbsp;<\/p>\n<ul>\n<li style=\"list-style-type: none;\">\n<ul>\n<li>Onde me inscrevo? Crian\u00e7as de 8 a 11 anos em <a href=\"https:\/\/forms.gle\/iEpF2YEpQb5Y9atP7\">https:\/\/forms.gle\/iEpF2YEpQb5Y9atP7<\/a> e adolescentes de 12 a 16 anos em <a href=\"https:\/\/forms.gle\/RbaRo3F4srYwLL1dA\">https:\/\/forms.gle\/RbaRo3F4srYwLL1dA<\/a><\/li>\n<\/ul>\n<\/li>\n<\/ul>\n","protected":false},"excerpt":{"rendered":"<p>\u00abRima que Rima\u00bb prop\u00f5e uma oficina online gratuita de poesia improvisada com m\u00fasica tradicional guiada por Mar\u00eda Hayde\u00e9 e Omar Camino, l\u00edderes de oficina certificados pela Asociaci\u00f3n Internacional de Formadores en Verso Improvisado e artistas representando o Peru em diferentes festivais e encontros art\u00edsticos e culturais em n\u00edvel nacional e internacional. &nbsp; A oficina ser\u00e1 [&hellip;]<\/p>\n","protected":false},"author":1,"featured_media":13117,"comment_status":"closed","ping_status":"closed","sticky":false,"template":"","format":"standard","meta":{"footnotes":""},"categories":[218],"tags":[],"class_list":["post-13119","post","type-post","status-publish","format-standard","has-post-thumbnail","hentry","category-noticias-generales-pt"],"lang":"pt","translations":{"pt":13119,"es":13116},"pll_sync_post":[],"post_mailing_queue_ids":[],"_links":{"self":[{"href":"http:\/\/staging.ibermusicas.org\/index.php\/wp-json\/wp\/v2\/posts\/13119","targetHints":{"allow":["GET"]}}],"collection":[{"href":"http:\/\/staging.ibermusicas.org\/index.php\/wp-json\/wp\/v2\/posts"}],"about":[{"href":"http:\/\/staging.ibermusicas.org\/index.php\/wp-json\/wp\/v2\/types\/post"}],"author":[{"embeddable":true,"href":"http:\/\/staging.ibermusicas.org\/index.php\/wp-json\/wp\/v2\/users\/1"}],"replies":[{"embeddable":true,"href":"http:\/\/staging.ibermusicas.org\/index.php\/wp-json\/wp\/v2\/comments?post=13119"}],"version-history":[{"count":1,"href":"http:\/\/staging.ibermusicas.org\/index.php\/wp-json\/wp\/v2\/posts\/13119\/revisions"}],"predecessor-version":[{"id":13120,"href":"http:\/\/staging.ibermusicas.org\/index.php\/wp-json\/wp\/v2\/posts\/13119\/revisions\/13120"}],"wp:featuredmedia":[{"embeddable":true,"href":"http:\/\/staging.ibermusicas.org\/index.php\/wp-json\/wp\/v2\/media\/13117"}],"wp:attachment":[{"href":"http:\/\/staging.ibermusicas.org\/index.php\/wp-json\/wp\/v2\/media?parent=13119"}],"wp:term":[{"taxonomy":"category","embeddable":true,"href":"http:\/\/staging.ibermusicas.org\/index.php\/wp-json\/wp\/v2\/categories?post=13119"},{"taxonomy":"post_tag","embeddable":true,"href":"http:\/\/staging.ibermusicas.org\/index.php\/wp-json\/wp\/v2\/tags?post=13119"}],"curies":[{"name":"wp","href":"https:\/\/api.w.org\/{rel}","templated":true}]}}