{"id":13121,"date":"2022-08-30T18:58:12","date_gmt":"2022-08-30T18:58:12","guid":{"rendered":"http:\/\/staging.ibermusicas.org\/?p=13121"},"modified":"2022-10-03T02:26:51","modified_gmt":"2022-10-03T02:26:51","slug":"el-festival-niamakala-de-brasil-invita-a-formar-parte-del-mapeamiento-de-iniciativas-de-arte-y-educacion-con-referencias-africanas-en-abya-yala","status":"publish","type":"post","link":"http:\/\/staging.ibermusicas.org\/index.php\/el-festival-niamakala-de-brasil-invita-a-formar-parte-del-mapeamiento-de-iniciativas-de-arte-y-educacion-con-referencias-africanas-en-abya-yala\/","title":{"rendered":"El Festival Niamakala de Brasil invita a formar parte del mapeamiento de iniciativas de arte y educaci\u00f3n con referencias Africanas en Abya Yala"},"content":{"rendered":"<p>Desde Brasil se llevar\u00e1 a cabo el Festival Niamakala, en su primera edici\u00f3n, en formato virtual con el tema \u201cExpresiones africanas y de la tercera di\u00e1spora\u201d, del 5 al 8 de octubre de 2022.<\/p>\n<p>&nbsp;<\/p>\n<p>Centrado en las expresiones musicales, corporales, pensamientos y percepciones africanas, africanistas y afro diasp\u00f3ricas, en busca de comprender las interacciones entre las tradiciones seculares orales de la tierra madre y sus hibridaciones en los territorios latino-americanos contempor\u00e1neos.<\/p>\n<p>&nbsp;<\/p>\n<p>El encuentro tiene la intenci\u00f3n de\u00a0 promover el intercambio de experiencias y compartir conocimientos entre las personas invitadas y el p\u00fablico participante, artistas, tradicionalistas, maestros, maestras, pesquisadores, educadores, productores interesados y unidos, con el fin de crear nuevos imaginarios de cooperaci\u00f3n transcultural, desde y entre \u00c1frica y Abya Yala.<\/p>\n<p>&nbsp;<\/p>\n<p>La programaci\u00f3n de este festival inicia en septiembre con un mapeamento de iniciativas de arte y educaci\u00f3n con referencias Africanas en Abya Yala, continua a inicios de octubre con una serie de actividades, durante 4 d\u00edas, conformada por: un encuentro abierto de intercambio de conocimientos, tres mesas de intercambio de ideas, en vivo y con inscripci\u00f3n previa y presentaciones art\u00edsticas en formato de estreno, pregrabado liberadas en redes sociales para todo p\u00fablico.<\/p>\n<p>&nbsp;<\/p>\n<p>Esta primera edici\u00f3n se realizar\u00e1 de forma virtual y gratuita, con la transmisi\u00f3n desde la sede principal de la Universidad Estatal a Distancia de Costa Rica UNED en Sabanilla, San Pedro, San Jos\u00e9, Costa Rica; en conexi\u00f3n con\u00a0 Argentina, Brasil, Costa Rica, Mal\u00ed, Senegal, Francia, para\u00a0 \u00c1frica e Iberoam\u00e9rica.<\/p>\n<p>&nbsp;<\/p>\n<p>&nbsp;<\/p>\n<p>Para ingresar en el mapeamiento: https:\/\/linktr.ee\/festivalniamakala<\/p>\n","protected":false},"excerpt":{"rendered":"<p>Desde Brasil se llevar\u00e1 a cabo el Festival Niamakala, en su primera edici\u00f3n, en formato virtual con el tema \u201cExpresiones africanas y de la tercera di\u00e1spora\u201d, del 5 al 8 de octubre de 2022. &nbsp; Centrado en las expresiones musicales, corporales, pensamientos y percepciones africanas, africanistas y afro diasp\u00f3ricas, en busca de comprender las interacciones [&hellip;]<\/p>\n","protected":false},"author":1,"featured_media":13122,"comment_status":"closed","ping_status":"closed","sticky":false,"template":"","format":"standard","meta":{"footnotes":""},"categories":[53],"tags":[],"class_list":["post-13121","post","type-post","status-publish","format-standard","has-post-thumbnail","hentry","category-noticias-generales"],"lang":"es","translations":{"es":13121,"pt":13124},"pll_sync_post":[],"post_mailing_queue_ids":[],"_links":{"self":[{"href":"http:\/\/staging.ibermusicas.org\/index.php\/wp-json\/wp\/v2\/posts\/13121","targetHints":{"allow":["GET"]}}],"collection":[{"href":"http:\/\/staging.ibermusicas.org\/index.php\/wp-json\/wp\/v2\/posts"}],"about":[{"href":"http:\/\/staging.ibermusicas.org\/index.php\/wp-json\/wp\/v2\/types\/post"}],"author":[{"embeddable":true,"href":"http:\/\/staging.ibermusicas.org\/index.php\/wp-json\/wp\/v2\/users\/1"}],"replies":[{"embeddable":true,"href":"http:\/\/staging.ibermusicas.org\/index.php\/wp-json\/wp\/v2\/comments?post=13121"}],"version-history":[{"count":1,"href":"http:\/\/staging.ibermusicas.org\/index.php\/wp-json\/wp\/v2\/posts\/13121\/revisions"}],"predecessor-version":[{"id":13123,"href":"http:\/\/staging.ibermusicas.org\/index.php\/wp-json\/wp\/v2\/posts\/13121\/revisions\/13123"}],"wp:featuredmedia":[{"embeddable":true,"href":"http:\/\/staging.ibermusicas.org\/index.php\/wp-json\/wp\/v2\/media\/13122"}],"wp:attachment":[{"href":"http:\/\/staging.ibermusicas.org\/index.php\/wp-json\/wp\/v2\/media?parent=13121"}],"wp:term":[{"taxonomy":"category","embeddable":true,"href":"http:\/\/staging.ibermusicas.org\/index.php\/wp-json\/wp\/v2\/categories?post=13121"},{"taxonomy":"post_tag","embeddable":true,"href":"http:\/\/staging.ibermusicas.org\/index.php\/wp-json\/wp\/v2\/tags?post=13121"}],"curies":[{"name":"wp","href":"https:\/\/api.w.org\/{rel}","templated":true}]}}