{"id":13124,"date":"2022-08-30T19:00:24","date_gmt":"2022-08-30T19:00:24","guid":{"rendered":"http:\/\/staging.ibermusicas.org\/?p=13124"},"modified":"2022-10-03T02:32:55","modified_gmt":"2022-10-03T02:32:55","slug":"o-festival-niamakala-do-brasil-convida-a-fazer-parte-do-mapeamento-das-iniciativas-de-arte-e-educacao-com-referencias-africanas-em-abya-yala","status":"publish","type":"post","link":"http:\/\/staging.ibermusicas.org\/index.php\/o-festival-niamakala-do-brasil-convida-a-fazer-parte-do-mapeamento-das-iniciativas-de-arte-e-educacao-com-referencias-africanas-em-abya-yala\/","title":{"rendered":"O Festival Niamakala do Brasil convida a fazer parte do mapeamento das iniciativas de arte e educa\u00e7\u00e3o com refer\u00eancias africanas em Abya Yala"},"content":{"rendered":"<p>Do Brasil, a primeira edi\u00e7\u00e3o do Festival Niamakala acontecer\u00e1 em formato virtual com o tema \u00abExpress\u00f5es Africanas e da Terceira Di\u00e1spora\u00bb, de 5 a 8 de outubro de 2022.<\/p>\n<p>&nbsp;<\/p>\n<p>Se concentrar\u00e1 em express\u00f5es musicais, pensamentos e percep\u00e7\u00f5es africanas e afro-diasportivas, procurando compreender as intera\u00e7\u00f5es entre as tradi\u00e7\u00f5es orais seculares da p\u00e1tria e suas hibrida\u00e7\u00f5es nos territ\u00f3rios latino-americanos contempor\u00e2neos.<\/p>\n<p>&nbsp;<\/p>\n<p>O encontro visa promover o interc\u00e2mbio de experi\u00eancias e a partilha de conhecimentos entre as pessoas convidadas e o p\u00fablico participante, artistas, tradicionalistas, professores, pesquisadores, educadores, produtores interessados e unidos, a fim de criar novos imagin\u00e1rios de coopera\u00e7\u00e3o transcultural, da e entre a \u00c1frica e Abya Yala.<\/p>\n<p>&nbsp;<\/p>\n<p>A programa\u00e7\u00e3o deste festival come\u00e7a em setembro com um mapeamento das iniciativas de arte e educa\u00e7\u00e3o com refer\u00eancias africanas em Abya Yala, continua no in\u00edcio de outubro com uma s\u00e9rie de atividades, durante 4 dias, que consistem em: uma reuni\u00e3o aberta para o interc\u00e2mbio de conhecimentos, tr\u00eas mesas para o interc\u00e2mbio de id\u00e9ias, ao vivo e com registro pr\u00e9vio e apresenta\u00e7\u00f5es art\u00edsticas em formato de estr\u00e9ia, pr\u00e9-gravadas e lan\u00e7adas em redes sociais para todos os p\u00fablicos.<\/p>\n<p>&nbsp;<\/p>\n<p>Esta primeira edi\u00e7\u00e3o ser\u00e1 realizada virtualmente e gratuitamente, com transmiss\u00e3o da sede principal da Universidad Estatal a Distancia de Costa Rica UNED em Sabanilla, San Pedro, San Jos\u00e9, Costa Rica; em conex\u00e3o com a Argentina, Brasil, Costa Rica, Mali, Senegal, Fran\u00e7a, para a \u00c1frica e Ibero-Am\u00e9rica.<\/p>\n<p>&nbsp;<\/p>\n<p>&nbsp;<\/p>\n<p>Para entrar no mapeamento: https:\/\/linktr.ee\/festivalniamakala<\/p>\n<p>&nbsp;<\/p>\n","protected":false},"excerpt":{"rendered":"<p>Do Brasil, a primeira edi\u00e7\u00e3o do Festival Niamakala acontecer\u00e1 em formato virtual com o tema \u00abExpress\u00f5es Africanas e da Terceira Di\u00e1spora\u00bb, de 5 a 8 de outubro de 2022. &nbsp; Se concentrar\u00e1 em express\u00f5es musicais, pensamentos e percep\u00e7\u00f5es africanas e afro-diasportivas, procurando compreender as intera\u00e7\u00f5es entre as tradi\u00e7\u00f5es orais seculares da p\u00e1tria e suas hibrida\u00e7\u00f5es [&hellip;]<\/p>\n","protected":false},"author":1,"featured_media":13122,"comment_status":"closed","ping_status":"closed","sticky":false,"template":"","format":"standard","meta":{"footnotes":""},"categories":[218],"tags":[],"class_list":["post-13124","post","type-post","status-publish","format-standard","has-post-thumbnail","hentry","category-noticias-generales-pt"],"lang":"pt","translations":{"pt":13124,"es":13121},"pll_sync_post":[],"post_mailing_queue_ids":[],"_links":{"self":[{"href":"http:\/\/staging.ibermusicas.org\/index.php\/wp-json\/wp\/v2\/posts\/13124","targetHints":{"allow":["GET"]}}],"collection":[{"href":"http:\/\/staging.ibermusicas.org\/index.php\/wp-json\/wp\/v2\/posts"}],"about":[{"href":"http:\/\/staging.ibermusicas.org\/index.php\/wp-json\/wp\/v2\/types\/post"}],"author":[{"embeddable":true,"href":"http:\/\/staging.ibermusicas.org\/index.php\/wp-json\/wp\/v2\/users\/1"}],"replies":[{"embeddable":true,"href":"http:\/\/staging.ibermusicas.org\/index.php\/wp-json\/wp\/v2\/comments?post=13124"}],"version-history":[{"count":1,"href":"http:\/\/staging.ibermusicas.org\/index.php\/wp-json\/wp\/v2\/posts\/13124\/revisions"}],"predecessor-version":[{"id":13125,"href":"http:\/\/staging.ibermusicas.org\/index.php\/wp-json\/wp\/v2\/posts\/13124\/revisions\/13125"}],"wp:featuredmedia":[{"embeddable":true,"href":"http:\/\/staging.ibermusicas.org\/index.php\/wp-json\/wp\/v2\/media\/13122"}],"wp:attachment":[{"href":"http:\/\/staging.ibermusicas.org\/index.php\/wp-json\/wp\/v2\/media?parent=13124"}],"wp:term":[{"taxonomy":"category","embeddable":true,"href":"http:\/\/staging.ibermusicas.org\/index.php\/wp-json\/wp\/v2\/categories?post=13124"},{"taxonomy":"post_tag","embeddable":true,"href":"http:\/\/staging.ibermusicas.org\/index.php\/wp-json\/wp\/v2\/tags?post=13124"}],"curies":[{"name":"wp","href":"https:\/\/api.w.org\/{rel}","templated":true}]}}