{"id":13126,"date":"2022-08-30T19:33:58","date_gmt":"2022-08-30T19:33:58","guid":{"rendered":"http:\/\/staging.ibermusicas.org\/?p=13126"},"modified":"2022-10-03T02:26:58","modified_gmt":"2022-10-03T02:26:58","slug":"esta-abierta-la-inscripcion-para-el-festiq-artetos-2022-de-colombia","status":"publish","type":"post","link":"http:\/\/staging.ibermusicas.org\/index.php\/esta-abierta-la-inscripcion-para-el-festiq-artetos-2022-de-colombia\/","title":{"rendered":"Est\u00e1 abierta la inscripci\u00f3n para el FestiQ-Artetos 2022 de Colombia"},"content":{"rendered":"<p>El festival es un evento bienal con sede en Bogot\u00e1, fundado en 2014 por el Cuarteto Q-Arte. Desde su creaci\u00f3n ha sido centro de encuentro entre m\u00fasicos profesionales, estudiantes y p\u00fablico en torno a la m\u00fasica para cuarteto de cuerdas. El festival ha presentado una amplia agenda de conciertos, talleres y conversatorios en cada una de sus versiones, convirti\u00e9ndose en uno de los festivales m\u00e1s importantes de Latinoam\u00e9rica.<\/p>\n<p>&nbsp;<\/p>\n<p>El cuarteto Jos\u00e9 White de M\u00e9xico ser\u00e1 el Cuarteto Residente. Con m\u00e1s de veinte a\u00f1os de trayectoria, el CCJW es hoy un referente de la m\u00fasica de c\u00e1mara en M\u00e9xico y en Latinoam\u00e9rica. Formado en la tradici\u00f3n del cuarteto de cuerdas cl\u00e1sico ha llegado a nuestros d\u00edas con un sobresaliente repertorio contempor\u00e1neo y vanguardista, principalmente latinoamericano. Como herederos de la ense\u00f1anza de su maestro Jerry Horner, el CCJW se destaca por una considerable labor en el \u00e1mbito pedag\u00f3gico influyendo a multitud de j\u00f3venes y artistas a trav\u00e9s de sus conciertos did\u00e1cticos, conferencias, talleres de m\u00fasica de c\u00e1mara y composici\u00f3n, adem\u00e1s de un Curso Intensivo para Cuartetos de Cuerdas anual.<\/p>\n<p>&nbsp;<\/p>\n<p>Fabi\u00e1n Panisello ser\u00e1 el compositor residente. Fabi\u00e1n Panisello, compositor y director argentino-espa\u00f1ol, conocido internacionalmente en la escena de la m\u00fasica contempor\u00e1nea por la alta calidad de su obra. Fabi\u00e1n es director y fundador de PluralEnsemble, reconocido como uno de los ensembles de m\u00fasica contempor\u00e1nea m\u00e1s relevantes de Europa, con ciclos de conciertos regulares en Madrid junto a la Fundaci\u00f3n BBVA, giras nacionales e internacionales y amplia discograf\u00eda. Es Profesor Catedr\u00e1tico de Composici\u00f3n en la Escuela Superior de M\u00fasica Reina Sof\u00eda y profesor invitado del China Conservatory de Beijing. Previamente fue profesor de an\u00e1lisis entre 1996 y 2000 y director acad\u00e9mico de la Escuela Superior de M\u00fasica Reina Sof\u00eda y del Instituto Internacional de M\u00fasica de C\u00e1mara de Madrid de 1996 a 2013, y director de las mismas instituciones entre 2014 y 2019. Es compositor residente y profesor de composici\u00f3n en clases magistrales de festivales y academias en Graz, Munich, Nueva York, Buenos Aires, Davis (CA), Shanghai, Nanning, Beijing, Bogot\u00e1, M\u00e9xico, Leuk (Suiza), Jerusal\u00e9n, Tel Aviv y Budapest, entre otras.<\/p>\n<p>&nbsp;<\/p>\n<p>&nbsp;<\/p>\n<p>Inscripiciones hasta el 16 de septiembre en: <a href=\"http:\/\/www.festiqartetos.com\">www.festiqartetos.com<\/a><\/p>\n<p><a href=\"https:\/\/www.youtube.com\/user\/QarteOfficial\">https:\/\/www.youtube.com\/user\/QarteOfficial<\/a><\/p>\n<p><a href=\"https:\/\/www.facebook.com\/cuartetoq.arte\/\">https:\/\/www.facebook.com\/cuartetoq.arte\/<\/a><\/p>\n","protected":false},"excerpt":{"rendered":"<p>El festival es un evento bienal con sede en Bogot\u00e1, fundado en 2014 por el Cuarteto Q-Arte. Desde su creaci\u00f3n ha sido centro de encuentro entre m\u00fasicos profesionales, estudiantes y p\u00fablico en torno a la m\u00fasica para cuarteto de cuerdas. El festival ha presentado una amplia agenda de conciertos, talleres y conversatorios en cada una [&hellip;]<\/p>\n","protected":false},"author":1,"featured_media":13127,"comment_status":"closed","ping_status":"closed","sticky":false,"template":"","format":"standard","meta":{"footnotes":""},"categories":[53],"tags":[],"class_list":["post-13126","post","type-post","status-publish","format-standard","has-post-thumbnail","hentry","category-noticias-generales"],"lang":"es","translations":{"es":13126,"pt":13129},"pll_sync_post":[],"post_mailing_queue_ids":[],"_links":{"self":[{"href":"http:\/\/staging.ibermusicas.org\/index.php\/wp-json\/wp\/v2\/posts\/13126","targetHints":{"allow":["GET"]}}],"collection":[{"href":"http:\/\/staging.ibermusicas.org\/index.php\/wp-json\/wp\/v2\/posts"}],"about":[{"href":"http:\/\/staging.ibermusicas.org\/index.php\/wp-json\/wp\/v2\/types\/post"}],"author":[{"embeddable":true,"href":"http:\/\/staging.ibermusicas.org\/index.php\/wp-json\/wp\/v2\/users\/1"}],"replies":[{"embeddable":true,"href":"http:\/\/staging.ibermusicas.org\/index.php\/wp-json\/wp\/v2\/comments?post=13126"}],"version-history":[{"count":1,"href":"http:\/\/staging.ibermusicas.org\/index.php\/wp-json\/wp\/v2\/posts\/13126\/revisions"}],"predecessor-version":[{"id":13128,"href":"http:\/\/staging.ibermusicas.org\/index.php\/wp-json\/wp\/v2\/posts\/13126\/revisions\/13128"}],"wp:featuredmedia":[{"embeddable":true,"href":"http:\/\/staging.ibermusicas.org\/index.php\/wp-json\/wp\/v2\/media\/13127"}],"wp:attachment":[{"href":"http:\/\/staging.ibermusicas.org\/index.php\/wp-json\/wp\/v2\/media?parent=13126"}],"wp:term":[{"taxonomy":"category","embeddable":true,"href":"http:\/\/staging.ibermusicas.org\/index.php\/wp-json\/wp\/v2\/categories?post=13126"},{"taxonomy":"post_tag","embeddable":true,"href":"http:\/\/staging.ibermusicas.org\/index.php\/wp-json\/wp\/v2\/tags?post=13126"}],"curies":[{"name":"wp","href":"https:\/\/api.w.org\/{rel}","templated":true}]}}