{"id":13131,"date":"2022-08-30T19:37:04","date_gmt":"2022-08-30T19:37:04","guid":{"rendered":"http:\/\/staging.ibermusicas.org\/?p=13131"},"modified":"2022-10-03T02:27:05","modified_gmt":"2022-10-03T02:27:05","slug":"inicia-convocatoria-sonica-laboratoria-programa-para-la-creacion-musical-entre-mujeres-y-disidencias-de-peru-chile-argentina-en-formato-virtual","status":"publish","type":"post","link":"http:\/\/staging.ibermusicas.org\/index.php\/inicia-convocatoria-sonica-laboratoria-programa-para-la-creacion-musical-entre-mujeres-y-disidencias-de-peru-chile-argentina-en-formato-virtual\/","title":{"rendered":"Inicia \u201cConvocatoria S\u00f3nica Laboratoria\u201d, Programa para la creaci\u00f3n musical entre mujeres y disidencias de Per\u00fa, Chile, Argentina en formato virtual"},"content":{"rendered":"<p>Se abre la convocatoria para la creaci\u00f3n musical entre mujeres y disidencias de Per\u00fa, Chile, Argentina. Se trata de la segunda residencia musical colaborativa 2022 en formato virtual, un programa gestado para vincular, visibilizar y promover profesionalmente a mujeres y disidencias que se desarrollan en las \u00e1reas de creaci\u00f3n, producci\u00f3n musical e ingenier\u00eda del sonido a nivel latinoamericano.<\/p>\n<p>&nbsp;<\/p>\n<p>Las organizadoras del programa son agencias culturales de Chile, Argentina y Per\u00fa lideradas por mujeres con amplia trayectoria en el sector musical latinoamericano: FLAMMA (Argentina + Per\u00fa) liderada por B\u00e1rbara Martire, Somos Fuego (Chile) y Reproductora (Per\u00fa) liderada por Katia de la Cruz Lapoint y Juliette Boggio.<\/p>\n<p>&nbsp;<\/p>\n<p>El programa 2022 se desarrolla en dos eventos:<\/p>\n<p>&nbsp;<\/p>\n<ul>\n<li>Convocatoria S\u00f3nica laboratoria &#8211; Residencia musical colaborativa 2022 en formato virtual. Dise\u00f1ada para impulsar, acompa\u00f1ar y registrar el proceso de creaci\u00f3n musical entre tres artistas de Per\u00fa, Chile y Argentina, desde la composici\u00f3n hasta la masterizaci\u00f3n de una canci\u00f3n final. Esta residencia musical colaborativa dura dos meses, despu\u00e9s de los cuales se realizar\u00e1 el lanzamiento de la canci\u00f3n, a fin de visibilizar los procesos de las protagonistas e incentivar el trabajo de mujeres y otras identidades de g\u00e9nero no hegem\u00f3nicas en la industria musical latinoamericana.<\/li>\n<\/ul>\n<p>&nbsp;<\/p>\n<ul>\n<li>Evento virtual, difusi\u00f3n de la experiencia para la comunidad S\u00f3nica a nivel latinoamericano, con la presencia de las artistas y coordinadoras de la Residencia musical colaborativa 2022<\/li>\n<\/ul>\n<p>&nbsp;<\/p>\n<p>&nbsp;<\/p>\n<p>Apertura de la convocatoria: 1ero de septiembre<\/p>\n<p>Cierre de la convocatoria: 22 de septiembre<\/p>\n<p>Publicaci\u00f3n de resultados: 29 de septiembre<\/p>\n<p>&nbsp;<\/p>\n<p>Las bases y condiciones estar\u00e1n disponibles en: <a href=\"https:\/\/sonicalaboratoria.com\/\">https:\/\/sonicalaboratoria.com\/ <\/a><\/p>\n","protected":false},"excerpt":{"rendered":"<p>Se abre la convocatoria para la creaci\u00f3n musical entre mujeres y disidencias de Per\u00fa, Chile, Argentina. Se trata de la segunda residencia musical colaborativa 2022 en formato virtual, un programa gestado para vincular, visibilizar y promover profesionalmente a mujeres y disidencias que se desarrollan en las \u00e1reas de creaci\u00f3n, producci\u00f3n musical e ingenier\u00eda del sonido [&hellip;]<\/p>\n","protected":false},"author":1,"featured_media":13132,"comment_status":"closed","ping_status":"closed","sticky":false,"template":"","format":"standard","meta":{"footnotes":""},"categories":[53],"tags":[],"class_list":["post-13131","post","type-post","status-publish","format-standard","has-post-thumbnail","hentry","category-noticias-generales"],"lang":"es","translations":{"es":13131,"pt":13134},"pll_sync_post":[],"post_mailing_queue_ids":[],"_links":{"self":[{"href":"http:\/\/staging.ibermusicas.org\/index.php\/wp-json\/wp\/v2\/posts\/13131","targetHints":{"allow":["GET"]}}],"collection":[{"href":"http:\/\/staging.ibermusicas.org\/index.php\/wp-json\/wp\/v2\/posts"}],"about":[{"href":"http:\/\/staging.ibermusicas.org\/index.php\/wp-json\/wp\/v2\/types\/post"}],"author":[{"embeddable":true,"href":"http:\/\/staging.ibermusicas.org\/index.php\/wp-json\/wp\/v2\/users\/1"}],"replies":[{"embeddable":true,"href":"http:\/\/staging.ibermusicas.org\/index.php\/wp-json\/wp\/v2\/comments?post=13131"}],"version-history":[{"count":1,"href":"http:\/\/staging.ibermusicas.org\/index.php\/wp-json\/wp\/v2\/posts\/13131\/revisions"}],"predecessor-version":[{"id":13133,"href":"http:\/\/staging.ibermusicas.org\/index.php\/wp-json\/wp\/v2\/posts\/13131\/revisions\/13133"}],"wp:featuredmedia":[{"embeddable":true,"href":"http:\/\/staging.ibermusicas.org\/index.php\/wp-json\/wp\/v2\/media\/13132"}],"wp:attachment":[{"href":"http:\/\/staging.ibermusicas.org\/index.php\/wp-json\/wp\/v2\/media?parent=13131"}],"wp:term":[{"taxonomy":"category","embeddable":true,"href":"http:\/\/staging.ibermusicas.org\/index.php\/wp-json\/wp\/v2\/categories?post=13131"},{"taxonomy":"post_tag","embeddable":true,"href":"http:\/\/staging.ibermusicas.org\/index.php\/wp-json\/wp\/v2\/tags?post=13131"}],"curies":[{"name":"wp","href":"https:\/\/api.w.org\/{rel}","templated":true}]}}