{"id":13139,"date":"2022-08-30T19:44:38","date_gmt":"2022-08-30T19:44:38","guid":{"rendered":"http:\/\/staging.ibermusicas.org\/?p=13139"},"modified":"2022-10-03T02:32:45","modified_gmt":"2022-10-03T02:32:45","slug":"as-inscricoes-estao-abertas-para-a-competicao-internacional-la-flauta-latinoamericana","status":"publish","type":"post","link":"http:\/\/staging.ibermusicas.org\/index.php\/as-inscricoes-estao-abertas-para-a-competicao-internacional-la-flauta-latinoamericana\/","title":{"rendered":"As inscri\u00e7\u00f5es est\u00e3o abertas para a competi\u00e7\u00e3o internacional La Flauta Latinoamericana"},"content":{"rendered":"<p>O Concurso Internacional La Flauta Latinoamericana \u00e9 um projeto que nasceu com o objetivo de difundir e executar a literatura para flauta transversal por compositores latino-americanos, em um evento inclusivo, social e acad\u00eamico que, desde sua primeira vers\u00e3o em 2020, teve um impacto positivo na constru\u00e7\u00e3o da cidadania atrav\u00e9s da m\u00fasica e da cultura. O evento busca, entre outras coisas, posicionar este repert\u00f3rio internacionalmente, fornecendo uma plataforma de exposi\u00e7\u00e3o para compositores latino-americanos, assim como integrar novas gera\u00e7\u00f5es de flautistas em um projeto construtivista, art\u00edstico e acad\u00eamico.<\/p>\n<p>&nbsp;<\/p>\n<p>web: www.laflautalatinoamericana.com<\/p>\n<p>facebook: laflautalatinoamericana<\/p>\n<p>instagram: laflautalatinomericana<\/p>\n","protected":false},"excerpt":{"rendered":"<p>O Concurso Internacional La Flauta Latinoamericana \u00e9 um projeto que nasceu com o objetivo de difundir e executar a literatura para flauta transversal por compositores latino-americanos, em um evento inclusivo, social e acad\u00eamico que, desde sua primeira vers\u00e3o em 2020, teve um impacto positivo na constru\u00e7\u00e3o da cidadania atrav\u00e9s da m\u00fasica e da cultura. O [&hellip;]<\/p>\n","protected":false},"author":1,"featured_media":13137,"comment_status":"closed","ping_status":"closed","sticky":false,"template":"","format":"standard","meta":{"footnotes":""},"categories":[218],"tags":[],"class_list":["post-13139","post","type-post","status-publish","format-standard","has-post-thumbnail","hentry","category-noticias-generales-pt"],"lang":"pt","translations":{"pt":13139,"es":13136},"pll_sync_post":[],"post_mailing_queue_ids":[],"_links":{"self":[{"href":"http:\/\/staging.ibermusicas.org\/index.php\/wp-json\/wp\/v2\/posts\/13139","targetHints":{"allow":["GET"]}}],"collection":[{"href":"http:\/\/staging.ibermusicas.org\/index.php\/wp-json\/wp\/v2\/posts"}],"about":[{"href":"http:\/\/staging.ibermusicas.org\/index.php\/wp-json\/wp\/v2\/types\/post"}],"author":[{"embeddable":true,"href":"http:\/\/staging.ibermusicas.org\/index.php\/wp-json\/wp\/v2\/users\/1"}],"replies":[{"embeddable":true,"href":"http:\/\/staging.ibermusicas.org\/index.php\/wp-json\/wp\/v2\/comments?post=13139"}],"version-history":[{"count":1,"href":"http:\/\/staging.ibermusicas.org\/index.php\/wp-json\/wp\/v2\/posts\/13139\/revisions"}],"predecessor-version":[{"id":13140,"href":"http:\/\/staging.ibermusicas.org\/index.php\/wp-json\/wp\/v2\/posts\/13139\/revisions\/13140"}],"wp:featuredmedia":[{"embeddable":true,"href":"http:\/\/staging.ibermusicas.org\/index.php\/wp-json\/wp\/v2\/media\/13137"}],"wp:attachment":[{"href":"http:\/\/staging.ibermusicas.org\/index.php\/wp-json\/wp\/v2\/media?parent=13139"}],"wp:term":[{"taxonomy":"category","embeddable":true,"href":"http:\/\/staging.ibermusicas.org\/index.php\/wp-json\/wp\/v2\/categories?post=13139"},{"taxonomy":"post_tag","embeddable":true,"href":"http:\/\/staging.ibermusicas.org\/index.php\/wp-json\/wp\/v2\/tags?post=13139"}],"curies":[{"name":"wp","href":"https:\/\/api.w.org\/{rel}","templated":true}]}}