{"id":13141,"date":"2022-08-30T19:47:26","date_gmt":"2022-08-30T19:47:26","guid":{"rendered":"http:\/\/staging.ibermusicas.org\/?p=13141"},"modified":"2022-10-03T02:27:22","modified_gmt":"2022-10-03T02:27:22","slug":"se-presenta-el-libro-tengo-un-tema-de-sergio-ferreira-una-historia-sobre-el-rock-en-paraguay","status":"publish","type":"post","link":"http:\/\/staging.ibermusicas.org\/index.php\/se-presenta-el-libro-tengo-un-tema-de-sergio-ferreira-una-historia-sobre-el-rock-en-paraguay\/","title":{"rendered":"Se presenta el libro \u201cTengo un tema\u201d de Sergio Ferreira, una historia sobre el rock en Paraguay"},"content":{"rendered":"<p>En la obra, el periodista especializado en m\u00fasica narra los momentos principales del rock paraguayo a partir de un relato coral en el que confluyen testimonios y su vasta trayectoria como cronista de la escena. Con m\u00e1s de 30 a\u00f1os de experiencia publicando entrevistas, reportajes y cr\u00f3nicas culturales, el periodista musical Sergio Ferreira presenta una historia in\u00e9dita de la escena rockera paraguaya en su libro \u201cTengo un tema\u201d.<\/p>\n<p>&nbsp;<\/p>\n<p>En las casi 400 p\u00e1ginas que conforman el material, el autor hace un recorrido por los momentos y personajes que dieron sentido y proyecci\u00f3n al rock hecho en Paraguay, proponiendo a los lectores un viaje a trav\u00e9s del tiempo para conocer de primera mano los inicios y la evoluci\u00f3n de este g\u00e9nero musical. Testimonios, an\u00e9cdotas y archivos fotogr\u00e1ficos de los protagonistas de la historia y del propio Sergio dan forma a este relato que pretende dejar un legado cultural.<\/p>\n<p>&nbsp;<\/p>\n<p>\u201cComenzamos en la segunda mitad de la d\u00e9cada del cincuenta, cuando este ritmo ingresa al repertorio de las orquestas de baile, y llegamos hasta la actualidad, esta \u00e9poca en que el g\u00e9nero ha ganado varias dimensiones que se expresan en diferentes propuestas\u201d, describe el autor en el prefacio, adem\u00e1s de destacar que \u201chablar del rock en Paraguay tambi\u00e9n ha sido una manera de resaltar las dificultades que existen en este pa\u00eds, trozado por dictaduras y malos gobiernos, para todo tipo de expresiones art\u00edsticas\u201d.<\/p>\n<p>&nbsp;<\/p>\n<p>Aunque tiene el t\u00edtulo de Licenciado en Ciencias de la Comunicaci\u00f3n por la Universidad Cat\u00f3lica, Sergio Ferreira (1967) prefiere ser conocido como<\/p>\n<p>periodista. Comenz\u00f3 practicando en los diarios Hoy y Noticias, cuando era adolescente. Se especializ\u00f3 en cine y m\u00fasica popular, y ejerci\u00f3 durante treinta a\u00f1os en el diario ABC Color (desde 1989 hasta 2019) en la<\/p>\n<p>secci\u00f3n de Artes y Espect\u00e1culos, de la que fue jefe desde mediados de la d\u00e9cada del 2000. Fue adem\u00e1s productor art\u00edstico en la radio Rock &amp; Pop (1996-1998), corresponsal de larevista Zona de Obras, de Espa\u00f1a (2004-2009), y columnista de la revista Wild (2004-2008). Asimismo, fue redactor de las entradas sobre Paraguay de los diccionarios de Heavy<\/p>\n<p>Metal Latino (SGAE-Zona de Obras, 2005) y Punk y Hardcore de Espa\u00f1a y<\/p>\n<p>Latinoam\u00e9rica (Fundaci\u00f3n de Autor-Zona de Obras,2011). Ha publicado art\u00edculos en el diario Folha de Sao Paulo (2003) y en la revista Selecciones (2009). Es coautor del libro \u201cAdri\u00e1n Barreto Sendero de un trovador\u201d (2015).<\/p>\n<p>&nbsp;<\/p>\n<p>\u201cTengo un Tema\u201d es presentado por Encend\u00e9 lo que sos, fue seleccionado para su etapa de desarrollo por los CREA+BONOS 2020, organizados por BID LAB, CIRD, Econom\u00eda Naranja y Secretar\u00eda Nacional de Cultura del Paraguay. As\u00ed tambi\u00e9n, el proyecto fue declarado de inter\u00e9s cultural por la Secretar\u00eda Nacional de Cultura del Paraguay y obtuvo el reconocimiento institucional del Centro Cultural de la Rep\u00fablica El Cabildo.<\/p>\n<p>&nbsp;<\/p>\n<p>&nbsp;<\/p>\n<p>Jueves 1ero de setiembre 19:00 hs en The Jam (Nuestra Se\u00f1ora de la Asunci\u00f3n 1156)<\/p>\n","protected":false},"excerpt":{"rendered":"<p>En la obra, el periodista especializado en m\u00fasica narra los momentos principales del rock paraguayo a partir de un relato coral en el que confluyen testimonios y su vasta trayectoria como cronista de la escena. Con m\u00e1s de 30 a\u00f1os de experiencia publicando entrevistas, reportajes y cr\u00f3nicas culturales, el periodista musical Sergio Ferreira presenta una [&hellip;]<\/p>\n","protected":false},"author":1,"featured_media":13142,"comment_status":"closed","ping_status":"closed","sticky":false,"template":"","format":"standard","meta":{"footnotes":""},"categories":[53],"tags":[],"class_list":["post-13141","post","type-post","status-publish","format-standard","has-post-thumbnail","hentry","category-noticias-generales"],"lang":"es","translations":{"es":13141,"pt":13144},"pll_sync_post":[],"post_mailing_queue_ids":[],"_links":{"self":[{"href":"http:\/\/staging.ibermusicas.org\/index.php\/wp-json\/wp\/v2\/posts\/13141","targetHints":{"allow":["GET"]}}],"collection":[{"href":"http:\/\/staging.ibermusicas.org\/index.php\/wp-json\/wp\/v2\/posts"}],"about":[{"href":"http:\/\/staging.ibermusicas.org\/index.php\/wp-json\/wp\/v2\/types\/post"}],"author":[{"embeddable":true,"href":"http:\/\/staging.ibermusicas.org\/index.php\/wp-json\/wp\/v2\/users\/1"}],"replies":[{"embeddable":true,"href":"http:\/\/staging.ibermusicas.org\/index.php\/wp-json\/wp\/v2\/comments?post=13141"}],"version-history":[{"count":1,"href":"http:\/\/staging.ibermusicas.org\/index.php\/wp-json\/wp\/v2\/posts\/13141\/revisions"}],"predecessor-version":[{"id":13143,"href":"http:\/\/staging.ibermusicas.org\/index.php\/wp-json\/wp\/v2\/posts\/13141\/revisions\/13143"}],"wp:featuredmedia":[{"embeddable":true,"href":"http:\/\/staging.ibermusicas.org\/index.php\/wp-json\/wp\/v2\/media\/13142"}],"wp:attachment":[{"href":"http:\/\/staging.ibermusicas.org\/index.php\/wp-json\/wp\/v2\/media?parent=13141"}],"wp:term":[{"taxonomy":"category","embeddable":true,"href":"http:\/\/staging.ibermusicas.org\/index.php\/wp-json\/wp\/v2\/categories?post=13141"},{"taxonomy":"post_tag","embeddable":true,"href":"http:\/\/staging.ibermusicas.org\/index.php\/wp-json\/wp\/v2\/tags?post=13141"}],"curies":[{"name":"wp","href":"https:\/\/api.w.org\/{rel}","templated":true}]}}