{"id":13144,"date":"2022-08-30T19:49:56","date_gmt":"2022-08-30T19:49:56","guid":{"rendered":"http:\/\/staging.ibermusicas.org\/?p=13144"},"modified":"2022-10-03T02:32:38","modified_gmt":"2022-10-03T02:32:38","slug":"o-livro-tengo-un-tema-de-sergio-ferreira-uma-historia-do-rock-no-paraguai-e-apresentado","status":"publish","type":"post","link":"http:\/\/staging.ibermusicas.org\/index.php\/o-livro-tengo-un-tema-de-sergio-ferreira-uma-historia-do-rock-no-paraguai-e-apresentado\/","title":{"rendered":"O livro \u00abTengo un tema\u00bb de Sergio Ferreira, uma hist\u00f3ria do rock no Paraguai, \u00e9 apresentado"},"content":{"rendered":"<p>No livro, o jornalista especializado em m\u00fasica narra os principais momentos do rock paraguaio a partir de uma hist\u00f3ria coral na qual convergem testemunhos e sua vasta experi\u00eancia como cronista da cena. Com mais de 30 anos de experi\u00eancia publicando entrevistas, reportagens e cr\u00f4nicas culturais, o jornalista musical Sergio Ferreira apresenta uma hist\u00f3ria in\u00e9dita da cena rock paraguaia em seu livro \u00abTengo un tema\u00bb.<\/p>\n<p>&nbsp;<\/p>\n<p>Nas quase 400 p\u00e1ginas que comp\u00f5em o material, o autor faz uma viagem atrav\u00e9s dos momentos e personagens que deram sentido e proje\u00e7\u00e3o ao rock feito no Paraguai, oferecendo aos leitores um p\u00e9riplo atrav\u00e9s do tempo para conhecer em primeira m\u00e3o o in\u00edcio e a evolu\u00e7\u00e3o deste g\u00eanero musical. Testemunhos, anedotas e arquivos fotogr\u00e1ficos dos protagonistas da hist\u00f3ria e do pr\u00f3prio S\u00e9rgio d\u00e3o forma a esta hist\u00f3ria que visa deixar um legado cultural.<\/p>\n<p>&nbsp;<\/p>\n<p>\u00abCome\u00e7amos na segunda metade dos anos 50, quando este ritmo entrou no repert\u00f3rio das orquestras de dan\u00e7a, e chegamos aos dias atuais, um per\u00edodo em que o g\u00eanero ganhou v\u00e1rias dimens\u00f5es que se expressam em diferentes propostas\u00bb, descreve o autor no pref\u00e1cio, al\u00e9m de ressaltar que \u00abfalar do rock no Paraguai tamb\u00e9m foi uma forma de destacar as dificuldades que existem neste pa\u00eds, dilacerado por ditaduras e maus governos, para todos os tipos de express\u00e3o art\u00edstica\u00bb.<\/p>\n<p>&nbsp;<\/p>\n<p>Embora seja formado em Ci\u00eancias da Comunica\u00e7\u00e3o pela Universidade Cat\u00f3lica, Sergio Ferreira (1967) prefere ser conhecido como um<\/p>\n<p>jornalista. Ele come\u00e7ou a trabalhar para os jornais Hoy e Noticias quando era um adolescente. Especializou-se em cinema e m\u00fasica popular e trabalhou por trinta anos no jornal ABC Color (de 1989 a 2019) na se\u00e7\u00e3o Artes e Espet\u00e1culos do jornal, Se\u00e7\u00e3o de Artes e Entretenimento, da qual ele era chefe desde meados dos anos 2000. Ele tamb\u00e9m foi produtor art\u00edstico da r\u00e1dio Rock &amp; Pop (1996-1998), correspondente da revista espanhola Zona de Obras (2004-2009) e colunista da revista Wild (2004-2008). Tamb\u00e9m foi editor das entradas no Paraguai para os dicion\u00e1rios Heavy Metal Latino (SGAE-Zona) e Punk e Hardcore da Espanha e Am\u00e9rica Latina (Fundaci\u00f3n de Autor-Zona de Obras, 2005). Ele publicou artigos no jornal Folha de S\u00e3o Paulo (2003) e na revista Selecciones (2009). \u00c9 co-autor do livro \u00abAdri\u00e1n Barreto Sendero de um trovador\u00bb (2015).<\/p>\n<p>&nbsp;<\/p>\n<p>\u00abTengo un Tema\u00bb \u00e9 apresentado pelo Encend\u00e9 lo que sos, foi selecionado para sua etapa de desenvolvimento pelo CREA+BONOS 2020, organizado pela BID LAB, CIRD, Econom\u00eda Naranja e Secretar\u00eda Nacional de Cultura del Paraguay. O projeto tamb\u00e9m foi declarado de interesse cultural pela Secretaria Nacional de Cultura do Paraguai e obteve o reconhecimento institucional do Centro Cultural da Rep\u00fablica El Cabildo.<\/p>\n<p>&nbsp;<\/p>\n<p>Quinta-feira 1\u00ba de setembro 19:00 hs no The Jam (Nuestra Se\u00f1ora de la Asunci\u00f3n 1156)<\/p>\n<p>&nbsp;<\/p>\n","protected":false},"excerpt":{"rendered":"<p>No livro, o jornalista especializado em m\u00fasica narra os principais momentos do rock paraguaio a partir de uma hist\u00f3ria coral na qual convergem testemunhos e sua vasta experi\u00eancia como cronista da cena. Com mais de 30 anos de experi\u00eancia publicando entrevistas, reportagens e cr\u00f4nicas culturais, o jornalista musical Sergio Ferreira apresenta uma hist\u00f3ria in\u00e9dita da [&hellip;]<\/p>\n","protected":false},"author":1,"featured_media":13142,"comment_status":"closed","ping_status":"closed","sticky":false,"template":"","format":"standard","meta":{"footnotes":""},"categories":[218],"tags":[],"class_list":["post-13144","post","type-post","status-publish","format-standard","has-post-thumbnail","hentry","category-noticias-generales-pt"],"lang":"pt","translations":{"pt":13144,"es":13141},"pll_sync_post":[],"post_mailing_queue_ids":[],"_links":{"self":[{"href":"http:\/\/staging.ibermusicas.org\/index.php\/wp-json\/wp\/v2\/posts\/13144","targetHints":{"allow":["GET"]}}],"collection":[{"href":"http:\/\/staging.ibermusicas.org\/index.php\/wp-json\/wp\/v2\/posts"}],"about":[{"href":"http:\/\/staging.ibermusicas.org\/index.php\/wp-json\/wp\/v2\/types\/post"}],"author":[{"embeddable":true,"href":"http:\/\/staging.ibermusicas.org\/index.php\/wp-json\/wp\/v2\/users\/1"}],"replies":[{"embeddable":true,"href":"http:\/\/staging.ibermusicas.org\/index.php\/wp-json\/wp\/v2\/comments?post=13144"}],"version-history":[{"count":1,"href":"http:\/\/staging.ibermusicas.org\/index.php\/wp-json\/wp\/v2\/posts\/13144\/revisions"}],"predecessor-version":[{"id":13145,"href":"http:\/\/staging.ibermusicas.org\/index.php\/wp-json\/wp\/v2\/posts\/13144\/revisions\/13145"}],"wp:featuredmedia":[{"embeddable":true,"href":"http:\/\/staging.ibermusicas.org\/index.php\/wp-json\/wp\/v2\/media\/13142"}],"wp:attachment":[{"href":"http:\/\/staging.ibermusicas.org\/index.php\/wp-json\/wp\/v2\/media?parent=13144"}],"wp:term":[{"taxonomy":"category","embeddable":true,"href":"http:\/\/staging.ibermusicas.org\/index.php\/wp-json\/wp\/v2\/categories?post=13144"},{"taxonomy":"post_tag","embeddable":true,"href":"http:\/\/staging.ibermusicas.org\/index.php\/wp-json\/wp\/v2\/tags?post=13144"}],"curies":[{"name":"wp","href":"https:\/\/api.w.org\/{rel}","templated":true}]}}